{"id":8048,"date":"2019-11-13T18:06:15","date_gmt":"2019-11-14T00:06:15","guid":{"rendered":"http:\/\/elobservatorio.com.mx\/?p=8048"},"modified":"2019-11-13T18:06:15","modified_gmt":"2019-11-14T00:06:15","slug":"el-aeropuerto-de-colima-realizara-el-simulacro-incendio-en-fuselaje-de-aeronave","status":"publish","type":"post","link":"http:\/\/elobservatorio.com.mx\/?p=8048","title":{"rendered":"El Aeropuerto de Colima realizar\u00e1 el simulacro \u201cIncendio en Fuselaje de Aeronave\u201d"},"content":{"rendered":"<p style=\"text-align: left;\" align=\"center\">El Aeropuerto Nacional de Colima, operado y administrado por Aeropuertos y Servicios Auxiliares (ASA), realizar\u00e1, este 14 de noviembre, el simulacro denominado \u201cIncendio de Fuselaje de Aeronave\u201d, como parte del Programa Anual de Pr\u00e1cticas y Simulacros 2019.<\/p>\n<p>El ejercicio, que se realizar\u00e1 con fuego real, previa autorizaci\u00f3n de la SEMARNAT, tiene como objetivo verificar la coordinaci\u00f3n y capacidad de reacci\u00f3n del servicio de Salvamento y Extinci\u00f3n de Incendios (SEI), comprobar la efectividad de los procedimientos se\u00f1alados en el Plan Local de Emergencia, as\u00ed como reforzar los conocimientos en t\u00e9cnicas de combate y extinci\u00f3n de incendios de aeronaves, en caso de una situaci\u00f3n de contingencia real.<\/p>\n<p>La pr\u00e1ctica se realizar\u00e1 sin afectar las operaciones a\u00e9reas y tiene como finalidad verificar la coordinaci\u00f3n y reacci\u00f3n del SEI, autoridades y equipos que prestan servicios de auxilio al aeropuerto, adem\u00e1s de comprobar la efectividad de las acciones de t\u00e1ctica y atenci\u00f3n inmediata.<\/p>\n<p>En la ejecuci\u00f3n del simulacro, participar\u00e1n, en la activaci\u00f3n de sus propios procedimientos, la torre de control, personal del SEI, de operaciones, de mantenimiento y seguridad, as\u00ed como las brigadas que integran el Plan Local de Emergencia del aeropuerto, verificando que en todo momento la coordinaci\u00f3n, respuesta y reacci\u00f3n sea la adecuada ante un caso de contingencia real.<\/p>\n<p>Aeropuertos y Servicios Auxiliares reafirma su compromiso con la seguridad, fomentando la pr\u00e1ctica constante de su personal, para seguir contando con equipos de emergencia que brinden plena confianza a los usuarios de la Red aeroportuaria<\/p>\n","protected":false},"excerpt":{"rendered":"<p>El Aeropuerto Nacional de Colima, operado y administrado por Aeropuertos y Servicios Auxiliares (ASA), realizar\u00e1, este 14 de noviembre, el simulacro denominado \u201cIncendio de Fuselaje de Aeronave\u201d, como parte del Programa Anual de Pr\u00e1cticas y Simulacros 2019. El ejercicio, que se realizar\u00e1 con fuego real, previa autorizaci\u00f3n de la SEMARNAT, tiene como objetivo verificar la&#8230;<\/p>\n","protected":false},"author":2,"featured_media":8049,"comment_status":"open","ping_status":"open","sticky":false,"template":"","format":"standard","meta":{"footnotes":""},"categories":[17],"tags":[29,30,28],"class_list":["post-8048","post","type-post","status-publish","format-standard","has-post-thumbnail","hentry","category-economia-y-negocios","tag-grid","tag-news","tag-slider"],"_links":{"self":[{"href":"http:\/\/elobservatorio.com.mx\/index.php?rest_route=\/wp\/v2\/posts\/8048"}],"collection":[{"href":"http:\/\/elobservatorio.com.mx\/index.php?rest_route=\/wp\/v2\/posts"}],"about":[{"href":"http:\/\/elobservatorio.com.mx\/index.php?rest_route=\/wp\/v2\/types\/post"}],"author":[{"embeddable":true,"href":"http:\/\/elobservatorio.com.mx\/index.php?rest_route=\/wp\/v2\/users\/2"}],"replies":[{"embeddable":true,"href":"http:\/\/elobservatorio.com.mx\/index.php?rest_route=%2Fwp%2Fv2%2Fcomments&post=8048"}],"version-history":[{"count":0,"href":"http:\/\/elobservatorio.com.mx\/index.php?rest_route=\/wp\/v2\/posts\/8048\/revisions"}],"wp:featuredmedia":[{"embeddable":true,"href":"http:\/\/elobservatorio.com.mx\/index.php?rest_route=\/wp\/v2\/media\/8049"}],"wp:attachment":[{"href":"http:\/\/elobservatorio.com.mx\/index.php?rest_route=%2Fwp%2Fv2%2Fmedia&parent=8048"}],"wp:term":[{"taxonomy":"category","embeddable":true,"href":"http:\/\/elobservatorio.com.mx\/index.php?rest_route=%2Fwp%2Fv2%2Fcategories&post=8048"},{"taxonomy":"post_tag","embeddable":true,"href":"http:\/\/elobservatorio.com.mx\/index.php?rest_route=%2Fwp%2Fv2%2Ftags&post=8048"}],"curies":[{"name":"wp","href":"https:\/\/api.w.org\/{rel}","templated":true}]}}