{"id":8076,"date":"2019-11-18T12:54:55","date_gmt":"2019-11-18T18:54:55","guid":{"rendered":"http:\/\/elobservatorio.com.mx\/?p=8076"},"modified":"2019-11-18T12:54:55","modified_gmt":"2019-11-18T18:54:55","slug":"el-poeta-del-amor-pancho-barraza-arrasa-en-el-palenque-de-la-feria","status":"publish","type":"post","link":"http:\/\/elobservatorio.com.mx\/?p=8076","title":{"rendered":"El poeta del amor Pancho Barraza arrasa en el Palenque de la Feria"},"content":{"rendered":"<p class=\"x_MsoNormal\"><em>*El cierre de eventos art\u00edsticos correr\u00e1 a cargo de Juli\u00f3n \u00c1lvarez el s\u00e1bado 7 de diciembre en el Mega Palenque de Villa de \u00c1lvarez<\/em><\/p>\n<p class=\"x_MsoNormal\">El llamado \u201cEl poeta del amor\u201d, visit\u00f3 Colima ahora en el Palenque de la Feria, como parte de su gira \u201cUn sue\u00f1o\u201d con la que ha recorrido gran parte de Estados Unidos y M\u00e9xico.<\/p>\n<p class=\"x_MsoNormal\">El cantante se present\u00f3 con un gran show en donde destacaron sus bailarines en escena, coristas, m\u00fasicos de la banda, grupo de jazz y, mariachi a lo largo de las casi tres horas de concierto, en el que el p\u00fablico cant\u00f3 y bail\u00f3 sus m\u00e1s grandes \u00e9xitos tales como son \u201cMi enemigo el amor\u201d, \u201cY por amor\u201d, \u201cNuestro amor\u201d, \u201cIgnoraste mis l\u00e1grimas\u201d y, el m\u00e1s reciente sencillo \u201cUn sue\u00f1o\u201d, entre otros.<\/p>\n<p class=\"x_MsoNormal\">Pancho Barraza, coment\u00f3 que es un placer estar nuevamente en Colima, pues el p\u00fablico colimense le llena de energ\u00eda y pasi\u00f3n, su sue\u00f1o siempre ha sido hacer las cosas de calidad conquistando a\u00fan m\u00e1s a todo el p\u00fablico.<\/p>\n<p class=\"x_MsoNormal\">Por \u00faltimo, el cantante agradeci\u00f3 a todos los asistentes por darse cita al recinto ferial y deleitar cada una de sus canciones, cerrando con aplausos y satisfacci\u00f3n su presentaci\u00f3n.<\/p>\n<p class=\"x_MsoNormal\">Cabe mencionar, que la \u00faltima fecha del programa ser\u00e1 en el Mega Palenque de Villa de \u00c1lvarez, en el marco de la Feria de Todos los Santos y estar\u00e1 a cargo de Juli\u00f3n \u00c1lvarez, que se presentar\u00e1 el s\u00e1bado 7 de diciembre a las 23:00 horas.<\/p>\n","protected":false},"excerpt":{"rendered":"<p>*El cierre de eventos art\u00edsticos correr\u00e1 a cargo de Juli\u00f3n \u00c1lvarez el s\u00e1bado 7 de diciembre en el Mega Palenque de Villa de \u00c1lvarez El llamado \u201cEl poeta del amor\u201d, visit\u00f3 Colima ahora en el Palenque de la Feria, como parte de su gira \u201cUn sue\u00f1o\u201d con la que ha recorrido gran parte de Estados&#8230;<\/p>\n","protected":false},"author":2,"featured_media":8077,"comment_status":"open","ping_status":"open","sticky":false,"template":"","format":"standard","meta":{"footnotes":""},"categories":[32,16],"tags":[29,30,28],"class_list":["post-8076","post","type-post","status-publish","format-standard","has-post-thumbnail","hentry","category-escenario","category-gobierno","tag-grid","tag-news","tag-slider"],"_links":{"self":[{"href":"http:\/\/elobservatorio.com.mx\/index.php?rest_route=\/wp\/v2\/posts\/8076"}],"collection":[{"href":"http:\/\/elobservatorio.com.mx\/index.php?rest_route=\/wp\/v2\/posts"}],"about":[{"href":"http:\/\/elobservatorio.com.mx\/index.php?rest_route=\/wp\/v2\/types\/post"}],"author":[{"embeddable":true,"href":"http:\/\/elobservatorio.com.mx\/index.php?rest_route=\/wp\/v2\/users\/2"}],"replies":[{"embeddable":true,"href":"http:\/\/elobservatorio.com.mx\/index.php?rest_route=%2Fwp%2Fv2%2Fcomments&post=8076"}],"version-history":[{"count":0,"href":"http:\/\/elobservatorio.com.mx\/index.php?rest_route=\/wp\/v2\/posts\/8076\/revisions"}],"wp:featuredmedia":[{"embeddable":true,"href":"http:\/\/elobservatorio.com.mx\/index.php?rest_route=\/wp\/v2\/media\/8077"}],"wp:attachment":[{"href":"http:\/\/elobservatorio.com.mx\/index.php?rest_route=%2Fwp%2Fv2%2Fmedia&parent=8076"}],"wp:term":[{"taxonomy":"category","embeddable":true,"href":"http:\/\/elobservatorio.com.mx\/index.php?rest_route=%2Fwp%2Fv2%2Fcategories&post=8076"},{"taxonomy":"post_tag","embeddable":true,"href":"http:\/\/elobservatorio.com.mx\/index.php?rest_route=%2Fwp%2Fv2%2Ftags&post=8076"}],"curies":[{"name":"wp","href":"https:\/\/api.w.org\/{rel}","templated":true}]}}