{"id":808,"date":"2018-11-30T19:40:48","date_gmt":"2018-11-30T19:40:48","guid":{"rendered":"http:\/\/elobservatorio.com.mx\/trabajo-coordinado-facilita-mejorar-condiciones-laborales-en-la-entidad"},"modified":"2018-11-30T19:40:48","modified_gmt":"2018-11-30T19:40:48","slug":"trabajo-coordinado-facilita-mejorar-condiciones-laborales-en-la-entidad","status":"publish","type":"post","link":"http:\/\/elobservatorio.com.mx\/?p=808","title":{"rendered":"Trabajo coordinado facilita mejorar  condiciones laborales en la entidad"},"content":{"rendered":"<p class=\"x_MsoNormal\">Colima presenta importantes avances en materia laboral, asegur\u00f3 el delegado federal del Trabajo (STyPS) en la entidad, Juan Roberto Barbosa L\u00f3pez, quien destac\u00f3 la coordinaci\u00f3n y apertura que se ha dado con el Gobierno del Estado a trav\u00e9s de la Secretar\u00eda del Trabajo y Previsi\u00f3n Social (Setcol), cuyos resultados han comenzado a registrarse.<\/p>\n<p class=\"x_MsoNormal\">En ese sentido, uno de los logros m\u00e1s destacados es el relacionado con la movilidad laboral agr\u00edcola en el extranjero, trabajo que permiti\u00f3 que Colima se ubique en la primera posici\u00f3n a nivel nacional en con mejor manejo de jornaleros en el exterior, trabajadores que se van con todas las garantiza y prestaciones que ofrecen los gobiernos de M\u00e9xico, Canad\u00e1 y Estados Unidos.<\/p>\n<p class=\"x_MsoNormal\">Otro logro destacado es el relacionado con la disminuci\u00f3n del trabajo infantil, esfuerzo que se ve reflejado en los resultados del Modulo del Trabajo Infantil 2017, encuesta elaborada y publicada de manera bianual por el Inegi, y donde el estado se mantiene a la baja en este rubro.<\/p>\n<p class=\"x_MsoNormal\">Asimismo, se\u00f1al\u00f3 Barbosa L\u00f3pez, se ha trabajado arduamente con el sector empresarial, para lograr reducir los indicies de la informalidad, esto alentado a las empresas para que regularicen a sus trabajadores y ambas partes puedan obtener beneficios al trabajar en el marco de la Ley.<\/p>\n<p class=\"x_MsoNormal\">El Gobierno Estatal dijo, manifiesta su inter\u00e9s por impulsar el trabajo formal en todos los rubros y una muestra de ello son los esfuerzos que se llevan a cabo por parte de la Setcol para formalizar a los transportistas.<\/p>\n<p class=\"x_MsoNormal\">El funcionario federal se\u00f1al\u00f3 que de continuar trabajado de manera conjunta, los alcances y avances en materia laboral ser\u00e1n mayores y se ver\u00e1n reflejados en poco tiempo.<\/p>\n","protected":false},"excerpt":{"rendered":"<p>Colima presenta importantes avances en materia laboral, asegur\u00f3 el delegado federal del Trabajo (STyPS) en la entidad, Juan Roberto Barbosa L\u00f3pez, quien destac\u00f3 la coordinaci\u00f3n y apertura que se ha dado con el Gobierno del Estado a trav\u00e9s de la Secretar\u00eda del Trabajo y Previsi\u00f3n Social (Setcol), cuyos resultados han comenzado a registrarse. En ese&#8230;<\/p>\n","protected":false},"author":2,"featured_media":809,"comment_status":"open","ping_status":"open","sticky":false,"template":"","format":"standard","meta":{"footnotes":""},"categories":[16],"tags":[29,30,28],"class_list":["post-808","post","type-post","status-publish","format-standard","has-post-thumbnail","hentry","category-gobierno","tag-grid","tag-news","tag-slider"],"_links":{"self":[{"href":"http:\/\/elobservatorio.com.mx\/index.php?rest_route=\/wp\/v2\/posts\/808"}],"collection":[{"href":"http:\/\/elobservatorio.com.mx\/index.php?rest_route=\/wp\/v2\/posts"}],"about":[{"href":"http:\/\/elobservatorio.com.mx\/index.php?rest_route=\/wp\/v2\/types\/post"}],"author":[{"embeddable":true,"href":"http:\/\/elobservatorio.com.mx\/index.php?rest_route=\/wp\/v2\/users\/2"}],"replies":[{"embeddable":true,"href":"http:\/\/elobservatorio.com.mx\/index.php?rest_route=%2Fwp%2Fv2%2Fcomments&post=808"}],"version-history":[{"count":0,"href":"http:\/\/elobservatorio.com.mx\/index.php?rest_route=\/wp\/v2\/posts\/808\/revisions"}],"wp:featuredmedia":[{"embeddable":true,"href":"http:\/\/elobservatorio.com.mx\/index.php?rest_route=\/wp\/v2\/media\/809"}],"wp:attachment":[{"href":"http:\/\/elobservatorio.com.mx\/index.php?rest_route=%2Fwp%2Fv2%2Fmedia&parent=808"}],"wp:term":[{"taxonomy":"category","embeddable":true,"href":"http:\/\/elobservatorio.com.mx\/index.php?rest_route=%2Fwp%2Fv2%2Fcategories&post=808"},{"taxonomy":"post_tag","embeddable":true,"href":"http:\/\/elobservatorio.com.mx\/index.php?rest_route=%2Fwp%2Fv2%2Ftags&post=808"}],"curies":[{"name":"wp","href":"https:\/\/api.w.org\/{rel}","templated":true}]}}