{"id":8103,"date":"2019-11-18T13:22:06","date_gmt":"2019-11-18T19:22:06","guid":{"rendered":"http:\/\/elobservatorio.com.mx\/?p=8103"},"modified":"2019-11-18T13:22:06","modified_gmt":"2019-11-18T19:22:06","slug":"dia-de-descanso-obligatorio-debe-pagarse-doble-setcol","status":"publish","type":"post","link":"http:\/\/elobservatorio.com.mx\/?p=8103","title":{"rendered":"D\u00eda de descanso obligatorio debe pagarse doble: Setcol"},"content":{"rendered":"<p class=\"x_MsoNormal\"><em>*Este derecho incluye a los trabajadores temporales de la Feria<\/em><\/p>\n<p class=\"x_MsoNormal\">Este lunes 18 de noviembre es descanso obligatorio, de acuerdo al Art\u00edculo 74 de la Ley Federal del Trabajo (LFT), por lo que quienes laboren, deber\u00e1n recibir el pago doble por esta raz\u00f3n quienes trabajen cualquiera de estas fechas, es decir en d\u00eda inh\u00e1bil, deber\u00e1n recibir el pago doble por ese d\u00eda laboral, inform\u00f3 el director del trabajo de la Secretar\u00eda del Trabajo y Previsi\u00f3n Social, Hugo Arturo Vergara Ch\u00e1vez.<\/p>\n<p class=\"x_MsoNormal\">Explic\u00f3 que el Art\u00edculo 73 de la LFT, establece que los trabajadores no est\u00e1n obligados a prestar servicio en sus d\u00edas de descanso, sin embargo, en aquellos casos donde sea necesario que parte del personal labore, el empleador est\u00e1 obligado a cubrirle un salario doble independiente del salario que le corresponde por el descanso.<\/p>\n<p class=\"x_MsoNormal\">El funcionario estatal ejemplific\u00f3 lo anterior al se\u00f1alar que, si un trabajador recibe como salario diario 100 pesos, al trabajar cualquiera de estos dos d\u00edas de descanso obligatorio, deber\u00e1 recibir 200 pesos m\u00e1s, lo que suma 300 pesos por trabajar en estas fechas.<\/p>\n<p class=\"x_MsoNormal\">Vergara Ch\u00e1vez detall\u00f3 que estos acuerdos entre las partes deben negociarse previamente a fin de evitar malos entendidos y conflictos laborales. Invit\u00f3 a quienes no se les respete lo establecido por la Ley, a acudir a la Procuradur\u00eda de la Defensa del Trabajo, donde se le brindar\u00e1 la asesor\u00eda que requieran<\/p>\n<p class=\"x_MsoNormal\">Este beneficio aplicar\u00e1 al personal que presta servicios en los comercios instalados en la Feria de Todos los Santos, esto en caso de que decidan y se autorice aplazar el tiempo de ventas un par de d\u00edas.<\/p>\n<p class=\"x_MsoNormal\">Las personas que no reciban este beneficio pueden acudir a las instalaciones de la Procuradur\u00eda del Trabajo a recibir la asesor\u00eda correspondiente en Colima a Avenida Tecom\u00e1n 673-B, Colonia, Luis Donaldo Colosio, o comunicarse al tel\u00e9fono 312 312 74 63.<\/p>\n<p class=\"x_MsoNormal\">En Tecom\u00e1n, calle Zaragoza 187 altos, Colonia Centro, tel\u00e9fono 313 32 419 04 y, en Manzanillo, en Avenida El\u00edas Zamora Verduzco S\/N en el Complejo Administrativo de Seguridad, Cuarto Modulo, tel\u00e9fono 314 1381745, en horario de 8:30 a 16:30 horas, de lunes a viernes.<\/p>\n","protected":false},"excerpt":{"rendered":"<p>*Este derecho incluye a los trabajadores temporales de la Feria Este lunes 18 de noviembre es descanso obligatorio, de acuerdo al Art\u00edculo 74 de la Ley Federal del Trabajo (LFT), por lo que quienes laboren, deber\u00e1n recibir el pago doble por esta raz\u00f3n quienes trabajen cualquiera de estas fechas, es decir en d\u00eda inh\u00e1bil, deber\u00e1n&#8230;<\/p>\n","protected":false},"author":2,"featured_media":8104,"comment_status":"open","ping_status":"open","sticky":false,"template":"","format":"standard","meta":{"footnotes":""},"categories":[16],"tags":[29,30,28],"class_list":["post-8103","post","type-post","status-publish","format-standard","has-post-thumbnail","hentry","category-gobierno","tag-grid","tag-news","tag-slider"],"_links":{"self":[{"href":"http:\/\/elobservatorio.com.mx\/index.php?rest_route=\/wp\/v2\/posts\/8103"}],"collection":[{"href":"http:\/\/elobservatorio.com.mx\/index.php?rest_route=\/wp\/v2\/posts"}],"about":[{"href":"http:\/\/elobservatorio.com.mx\/index.php?rest_route=\/wp\/v2\/types\/post"}],"author":[{"embeddable":true,"href":"http:\/\/elobservatorio.com.mx\/index.php?rest_route=\/wp\/v2\/users\/2"}],"replies":[{"embeddable":true,"href":"http:\/\/elobservatorio.com.mx\/index.php?rest_route=%2Fwp%2Fv2%2Fcomments&post=8103"}],"version-history":[{"count":0,"href":"http:\/\/elobservatorio.com.mx\/index.php?rest_route=\/wp\/v2\/posts\/8103\/revisions"}],"wp:featuredmedia":[{"embeddable":true,"href":"http:\/\/elobservatorio.com.mx\/index.php?rest_route=\/wp\/v2\/media\/8104"}],"wp:attachment":[{"href":"http:\/\/elobservatorio.com.mx\/index.php?rest_route=%2Fwp%2Fv2%2Fmedia&parent=8103"}],"wp:term":[{"taxonomy":"category","embeddable":true,"href":"http:\/\/elobservatorio.com.mx\/index.php?rest_route=%2Fwp%2Fv2%2Fcategories&post=8103"},{"taxonomy":"post_tag","embeddable":true,"href":"http:\/\/elobservatorio.com.mx\/index.php?rest_route=%2Fwp%2Fv2%2Ftags&post=8103"}],"curies":[{"name":"wp","href":"https:\/\/api.w.org\/{rel}","templated":true}]}}