{"id":811,"date":"2018-11-30T19:45:48","date_gmt":"2018-11-30T19:45:48","guid":{"rendered":"http:\/\/elobservatorio.com.mx\/realizan-capacitaciones-y-visita-de-supervision-en-manzanillo"},"modified":"2018-11-30T19:45:48","modified_gmt":"2018-11-30T19:45:48","slug":"realizan-capacitaciones-y-visita-de-supervision-en-manzanillo","status":"publish","type":"post","link":"http:\/\/elobservatorio.com.mx\/?p=811","title":{"rendered":"Realizan capacitaciones y visita de supervisi\u00f3n en Manzanillo"},"content":{"rendered":"<p class=\"x_MsoNormal\">La presidenta del DIF Estatal Colima, Margarita Moreno, encabez\u00f3 el inicio de las capacitaciones de 88 comit\u00e9s del programa Desayunos Escolares en el municipio de Manzanillo; adem\u00e1s visit\u00f3 a familias que habitan colonias de alta y muy alta marginaci\u00f3n para realizar la entrega de apoyos alimentarios y, acudi\u00f3 a domicilios de poblaci\u00f3n beneficiada del Programa Estufas Ecol\u00f3gicas, para supervisar las instalaciones y el uso de este apoyo<\/p>\n","protected":false},"excerpt":{"rendered":"<p>La presidenta del DIF Estatal Colima, Margarita Moreno, encabez\u00f3 el inicio de las capacitaciones de 88 comit\u00e9s del programa Desayunos Escolares en el municipio de Manzanillo; adem\u00e1s visit\u00f3 a familias que habitan colonias de alta y muy alta marginaci\u00f3n para realizar la entrega de apoyos alimentarios y, acudi\u00f3 a domicilios de poblaci\u00f3n beneficiada del Programa&#8230;<\/p>\n","protected":false},"author":2,"featured_media":812,"comment_status":"open","ping_status":"open","sticky":false,"template":"","format":"standard","meta":{"footnotes":""},"categories":[19],"tags":[29,30,28],"class_list":["post-811","post","type-post","status-publish","format-standard","has-post-thumbnail","hentry","category-fotonotas","tag-grid","tag-news","tag-slider"],"_links":{"self":[{"href":"http:\/\/elobservatorio.com.mx\/index.php?rest_route=\/wp\/v2\/posts\/811"}],"collection":[{"href":"http:\/\/elobservatorio.com.mx\/index.php?rest_route=\/wp\/v2\/posts"}],"about":[{"href":"http:\/\/elobservatorio.com.mx\/index.php?rest_route=\/wp\/v2\/types\/post"}],"author":[{"embeddable":true,"href":"http:\/\/elobservatorio.com.mx\/index.php?rest_route=\/wp\/v2\/users\/2"}],"replies":[{"embeddable":true,"href":"http:\/\/elobservatorio.com.mx\/index.php?rest_route=%2Fwp%2Fv2%2Fcomments&post=811"}],"version-history":[{"count":0,"href":"http:\/\/elobservatorio.com.mx\/index.php?rest_route=\/wp\/v2\/posts\/811\/revisions"}],"wp:featuredmedia":[{"embeddable":true,"href":"http:\/\/elobservatorio.com.mx\/index.php?rest_route=\/wp\/v2\/media\/812"}],"wp:attachment":[{"href":"http:\/\/elobservatorio.com.mx\/index.php?rest_route=%2Fwp%2Fv2%2Fmedia&parent=811"}],"wp:term":[{"taxonomy":"category","embeddable":true,"href":"http:\/\/elobservatorio.com.mx\/index.php?rest_route=%2Fwp%2Fv2%2Fcategories&post=811"},{"taxonomy":"post_tag","embeddable":true,"href":"http:\/\/elobservatorio.com.mx\/index.php?rest_route=%2Fwp%2Fv2%2Ftags&post=811"}],"curies":[{"name":"wp","href":"https:\/\/api.w.org\/{rel}","templated":true}]}}