{"id":814,"date":"2018-11-30T19:50:52","date_gmt":"2018-11-30T19:50:52","guid":{"rendered":"http:\/\/elobservatorio.com.mx\/aparece-laura-cecilia-y-desactivan-alerta-amber"},"modified":"2018-11-30T19:50:52","modified_gmt":"2018-11-30T19:50:52","slug":"aparece-laura-cecilia-y-desactivan-alerta-amber","status":"publish","type":"post","link":"http:\/\/elobservatorio.com.mx\/?p=814","title":{"rendered":"Aparece Laura Cecilia y desactivan Alerta Amber"},"content":{"rendered":"<p>La menor Laura Cecilia Carrillo Baltazar, por la que el Programa Alerta Amber Colima emiti\u00f3 este mi\u00e9rcoles una c\u00e9dula de b\u00fasqueda, regres\u00f3 sana y salva a su casa y ya se encuentra con su familia.<\/p>\n<p>Como se dio a conocer a trav\u00e9s de las redes sociales, la joven de 17 a\u00f1os, sali\u00f3 de su domicilio la semana pasada y hasta la tarde de este jueves se desconoc\u00eda su paradero.<\/p>\n<p>Las acciones implementadas por la Fiscal\u00eda General del Estado (FGE), permitieron que la menor regresara a su casa, cuando se dio cuenta de que era buscada por las autoridades y que ya se ten\u00edan datos referentes a su ubicaci\u00f3n.<\/p>\n<p>El Programa Alerta Amber Colima agradece el apoyo de instituciones, medios de comunicaci\u00f3n y poblaci\u00f3n en general, quienes de manera solidaria siempre se suman a las acciones de b\u00fasqueda y difusi\u00f3n de informaci\u00f3n de los menores y adolescentes que son reportados como no localizados.<\/p>\n","protected":false},"excerpt":{"rendered":"<p>La menor Laura Cecilia Carrillo Baltazar, por la que el Programa Alerta Amber Colima emiti\u00f3 este mi\u00e9rcoles una c\u00e9dula de b\u00fasqueda, regres\u00f3 sana y salva a su casa y ya se encuentra con su familia. Como se dio a conocer a trav\u00e9s de las redes sociales, la joven de 17 a\u00f1os, sali\u00f3 de su domicilio&#8230;<\/p>\n","protected":false},"author":2,"featured_media":815,"comment_status":"open","ping_status":"open","sticky":false,"template":"","format":"standard","meta":{"footnotes":""},"categories":[15],"tags":[29,30,28],"class_list":["post-814","post","type-post","status-publish","format-standard","has-post-thumbnail","hentry","category-seguridad-y-justicia","tag-grid","tag-news","tag-slider"],"_links":{"self":[{"href":"http:\/\/elobservatorio.com.mx\/index.php?rest_route=\/wp\/v2\/posts\/814"}],"collection":[{"href":"http:\/\/elobservatorio.com.mx\/index.php?rest_route=\/wp\/v2\/posts"}],"about":[{"href":"http:\/\/elobservatorio.com.mx\/index.php?rest_route=\/wp\/v2\/types\/post"}],"author":[{"embeddable":true,"href":"http:\/\/elobservatorio.com.mx\/index.php?rest_route=\/wp\/v2\/users\/2"}],"replies":[{"embeddable":true,"href":"http:\/\/elobservatorio.com.mx\/index.php?rest_route=%2Fwp%2Fv2%2Fcomments&post=814"}],"version-history":[{"count":0,"href":"http:\/\/elobservatorio.com.mx\/index.php?rest_route=\/wp\/v2\/posts\/814\/revisions"}],"wp:featuredmedia":[{"embeddable":true,"href":"http:\/\/elobservatorio.com.mx\/index.php?rest_route=\/wp\/v2\/media\/815"}],"wp:attachment":[{"href":"http:\/\/elobservatorio.com.mx\/index.php?rest_route=%2Fwp%2Fv2%2Fmedia&parent=814"}],"wp:term":[{"taxonomy":"category","embeddable":true,"href":"http:\/\/elobservatorio.com.mx\/index.php?rest_route=%2Fwp%2Fv2%2Fcategories&post=814"},{"taxonomy":"post_tag","embeddable":true,"href":"http:\/\/elobservatorio.com.mx\/index.php?rest_route=%2Fwp%2Fv2%2Ftags&post=814"}],"curies":[{"name":"wp","href":"https:\/\/api.w.org\/{rel}","templated":true}]}}