{"id":817,"date":"2018-11-30T19:53:32","date_gmt":"2018-11-30T19:53:32","guid":{"rendered":"http:\/\/elobservatorio.com.mx\/dos-sujetos-ultimaron-a-un-hombre-ya-estan-en-la-carcel"},"modified":"2018-11-30T19:53:32","modified_gmt":"2018-11-30T19:53:32","slug":"dos-sujetos-ultimaron-a-un-hombre-ya-estan-en-la-carcel","status":"publish","type":"post","link":"http:\/\/elobservatorio.com.mx\/?p=817","title":{"rendered":"Dos sujetos ultimaron a un hombre; ya est\u00e1n en la c\u00e1rcel"},"content":{"rendered":"<p><em>*Fueron vinculados a proceso con base en las investigaciones de la FGE<\/em><\/p>\n<p>Dos sujetos fueron vinculados a proceso por el delito de homicidio calificado, debido a que, seg\u00fan las investigaciones de la Fiscal\u00eda General del Estado (FGE), se establece que privaron de la vida a una persona del sexo masculino, estrangul\u00e1ndola en un domicilio del Municipio de Manzanillo.<\/p>\n<p>A trav\u00e9s de la audiencia correspondiente, el juez de control decret\u00f3 para estas personas la prisi\u00f3n preventiva oficiosa como medida cautelar, a fin de que permanezca recluidos en Cereso en tanto el Ministerio P\u00fablico concluye la investigaci\u00f3n que resuelva su situaci\u00f3n jur\u00eddica.<\/p>\n<p>De acuerdo con las pruebas integradas en la Carpeta de Investigaci\u00f3n, los imputados en complicidad con otra persona, golpearon y estrangularon a la v\u00edctima en un inmueble del Fraccionamiento Agua Azul, en la poblaci\u00f3n de Salagua, llev\u00e1ndose despu\u00e9s el cuerpo en la cajuela de un veh\u00edculo con la intenci\u00f3n de deshacerse de \u00e9l.<\/p>\n<p>Por estos hechos la Polic\u00eda Investigadora ejecut\u00f3 la orden de aprehensi\u00f3n correspondiente, y puso a disposici\u00f3n del juez a los detenidos con el objetivo de dar continuidad al procedimiento establecido en el actual Sistema de Justicia.<\/p>\n<p>En estas acciones que permiten el esclarecimiento de los delitos, es fundamental la colaboraci\u00f3n de la sociedad a trav\u00e9s de las denuncias an\u00f3nimas, por ello las autoridades siguen promoviendo la realizaci\u00f3n de las mismas a la l\u00ednea 089 y el reporte de las emergencias al 911.<\/p>\n<p>&nbsp;<\/p>\n<p>&nbsp;<\/p>\n","protected":false},"excerpt":{"rendered":"<p>*Fueron vinculados a proceso con base en las investigaciones de la FGE Dos sujetos fueron vinculados a proceso por el delito de homicidio calificado, debido a que, seg\u00fan las investigaciones de la Fiscal\u00eda General del Estado (FGE), se establece que privaron de la vida a una persona del sexo masculino, estrangul\u00e1ndola en un domicilio del&#8230;<\/p>\n","protected":false},"author":2,"featured_media":818,"comment_status":"open","ping_status":"open","sticky":false,"template":"","format":"standard","meta":{"footnotes":""},"categories":[15],"tags":[29,30,28],"class_list":["post-817","post","type-post","status-publish","format-standard","has-post-thumbnail","hentry","category-seguridad-y-justicia","tag-grid","tag-news","tag-slider"],"_links":{"self":[{"href":"http:\/\/elobservatorio.com.mx\/index.php?rest_route=\/wp\/v2\/posts\/817"}],"collection":[{"href":"http:\/\/elobservatorio.com.mx\/index.php?rest_route=\/wp\/v2\/posts"}],"about":[{"href":"http:\/\/elobservatorio.com.mx\/index.php?rest_route=\/wp\/v2\/types\/post"}],"author":[{"embeddable":true,"href":"http:\/\/elobservatorio.com.mx\/index.php?rest_route=\/wp\/v2\/users\/2"}],"replies":[{"embeddable":true,"href":"http:\/\/elobservatorio.com.mx\/index.php?rest_route=%2Fwp%2Fv2%2Fcomments&post=817"}],"version-history":[{"count":0,"href":"http:\/\/elobservatorio.com.mx\/index.php?rest_route=\/wp\/v2\/posts\/817\/revisions"}],"wp:featuredmedia":[{"embeddable":true,"href":"http:\/\/elobservatorio.com.mx\/index.php?rest_route=\/wp\/v2\/media\/818"}],"wp:attachment":[{"href":"http:\/\/elobservatorio.com.mx\/index.php?rest_route=%2Fwp%2Fv2%2Fmedia&parent=817"}],"wp:term":[{"taxonomy":"category","embeddable":true,"href":"http:\/\/elobservatorio.com.mx\/index.php?rest_route=%2Fwp%2Fv2%2Fcategories&post=817"},{"taxonomy":"post_tag","embeddable":true,"href":"http:\/\/elobservatorio.com.mx\/index.php?rest_route=%2Fwp%2Fv2%2Ftags&post=817"}],"curies":[{"name":"wp","href":"https:\/\/api.w.org\/{rel}","templated":true}]}}