{"id":8187,"date":"2019-11-26T14:15:47","date_gmt":"2019-11-26T20:15:47","guid":{"rendered":"http:\/\/elobservatorio.com.mx\/?p=8187"},"modified":"2019-11-26T14:15:47","modified_gmt":"2019-11-26T20:15:47","slug":"cierran-con-exito-actividades-por-el-dia-internacional-de-la-no-violencia-de-genero","status":"publish","type":"post","link":"http:\/\/elobservatorio.com.mx\/?p=8187","title":{"rendered":"Cierran con \u00e9xito actividades por el D\u00eda Internacional de la No Violencia de G\u00e9nero"},"content":{"rendered":"<p>Con el desarrollo de la conferencia, \u201cViolencia pol\u00edtica de g\u00e9nero\u201d,\u00a0 impartida la ma\u00f1ana de este 25 de Noviembre \u201cD\u00eda internacional de la No violencia de g\u00e9nero\u201d,\u00a0 en las instalaciones del Centro cultural Cuauht\u00e9moc;\u00a0 culminaron con \u00e9xito las actividades organizadas por el Ayuntamiento de Cuauht\u00e9moc, a trav\u00e9s de la Direcci\u00f3n de Atenci\u00f3n a la mujer y por indicaciones directas del edil Rafael Mendoza God\u00ednez, cuyo gobierno municipal ha dejado patente su compromiso de erradicar la violencia en todas las forma de manifestaci\u00f3n.<\/p>\n<p>La titular de Atenci\u00f3n a la Mujer, Mar\u00eda Alicia Gonz\u00e1lez Ruiz,\u00a0 record\u00f3 que durante todo Noviembre se organizaron diversas actividad encaminadas a la conmemoraci\u00f3n de esta importante fecha, iniciando desde el pasado 5 de Noviembre con una charla denominada \u201cViolencia familiar\u201d, adem\u00e1s de la organizaci\u00f3n de actividades l\u00fadicas con\u00a0 el tema \u201cDerechos reproductivos y sexuales\u201d en la secundaria de Chiapa.<\/p>\n<p>Asimismo con el tema \u201cViolencia en el noviazgo\u201d y actividades l\u00fadicas con el tema \u201cViolencia de g\u00e9nero\u201d, se trabaj\u00f3 con alumnos de la secundaria de Buenavista,\u00a0 el 7 de Noviembre; mientras el lunes 11 se llev\u00f3 la charla \u201cViolencia familiar\u201d y juegos l\u00fadicos sobre \u201cViolencia de g\u00e9nero\u201d,\u00a0 con alumnos de la primaria de Palmillas.<\/p>\n<p>El 12 de noviembre con alumnos de bachillerato se trabaj\u00f3 el tema \u201cSensibilizaci\u00f3n y violencia de g\u00e9nero\u201d; el d\u00eda 13, la charla \u201cViolencia en el noviazgo\u201d\u00a0 y juegos l\u00fadicos sobre \u201cDerechos reproductivos y sexuales\u201d se impartieron para adolescentes de la secundaria Juana Urz\u00faa Delgado de Alcaraces y,\u00a0 el\u00a0 jueves 14 de Noviembre,\u00a0 la misma actividad se imparti\u00f3 para alumnos de la secundaria Valent\u00edn G\u00f3mez Far\u00edas de El Trapiche.<\/p>\n<p>Gonz\u00e1lez Ruiz, agreg\u00f3 que el 15 de Noviembre organizaron tambi\u00e9n una macro-gimnasia en el jard\u00edn principal de la localidad de Queser\u00eda.<\/p>\n<p>Dijo que\u00a0 a lo anterior se agregan tambi\u00e9n el desarrollo de la conferencia \u201cLa Armadura de ser mujer\u201d impartida el 20 de Noviembre en el antiguo mercado de Queser\u00eda, la Feria de Servicios para el Empoderamiento de la Mujer, la cual tuvo lugar el 21 de Noviembre en la plazoleta del jard\u00edn principal de Queser\u00eda; una actividad de Pinta de carros, con mensaje alusivos\u00a0 al 25 de\u00a0 Noviembre como D\u00eda internacional para la erradicaci\u00f3n de la violencia de g\u00e9nero, en las localidades de Cuauht\u00e9moc, Queser\u00eda y el Trapiche.<\/p>\n<p>De igual manera se puntualiz\u00f3 que este 24 de Noviembre se desarroll\u00f3 la pl\u00e1tica \u201cViolencia en el noviazgo\u201d, en el antiguo mercado de Queser\u00eda y cerraron con gran \u00e9xito este lunes 25 de Noviembre con la conferencia \u201cViolencia pol\u00edtica de g\u00e9nero\u201d, en el Centro cultural Cuauht\u00e9moc.<\/p>\n","protected":false},"excerpt":{"rendered":"<p>Con el desarrollo de la conferencia, \u201cViolencia pol\u00edtica de g\u00e9nero\u201d,\u00a0 impartida la ma\u00f1ana de este 25 de Noviembre \u201cD\u00eda internacional de la No violencia de g\u00e9nero\u201d,\u00a0 en las instalaciones del Centro cultural Cuauht\u00e9moc;\u00a0 culminaron con \u00e9xito las actividades organizadas por el Ayuntamiento de Cuauht\u00e9moc, a trav\u00e9s de la Direcci\u00f3n de Atenci\u00f3n a la mujer y&#8230;<\/p>\n","protected":false},"author":2,"featured_media":8188,"comment_status":"open","ping_status":"open","sticky":false,"template":"","format":"standard","meta":{"footnotes":""},"categories":[40,8],"tags":[29,30,28],"class_list":["post-8187","post","type-post","status-publish","format-standard","has-post-thumbnail","hentry","category-cuauhtemoc","category-municipios","tag-grid","tag-news","tag-slider"],"_links":{"self":[{"href":"http:\/\/elobservatorio.com.mx\/index.php?rest_route=\/wp\/v2\/posts\/8187"}],"collection":[{"href":"http:\/\/elobservatorio.com.mx\/index.php?rest_route=\/wp\/v2\/posts"}],"about":[{"href":"http:\/\/elobservatorio.com.mx\/index.php?rest_route=\/wp\/v2\/types\/post"}],"author":[{"embeddable":true,"href":"http:\/\/elobservatorio.com.mx\/index.php?rest_route=\/wp\/v2\/users\/2"}],"replies":[{"embeddable":true,"href":"http:\/\/elobservatorio.com.mx\/index.php?rest_route=%2Fwp%2Fv2%2Fcomments&post=8187"}],"version-history":[{"count":0,"href":"http:\/\/elobservatorio.com.mx\/index.php?rest_route=\/wp\/v2\/posts\/8187\/revisions"}],"wp:featuredmedia":[{"embeddable":true,"href":"http:\/\/elobservatorio.com.mx\/index.php?rest_route=\/wp\/v2\/media\/8188"}],"wp:attachment":[{"href":"http:\/\/elobservatorio.com.mx\/index.php?rest_route=%2Fwp%2Fv2%2Fmedia&parent=8187"}],"wp:term":[{"taxonomy":"category","embeddable":true,"href":"http:\/\/elobservatorio.com.mx\/index.php?rest_route=%2Fwp%2Fv2%2Fcategories&post=8187"},{"taxonomy":"post_tag","embeddable":true,"href":"http:\/\/elobservatorio.com.mx\/index.php?rest_route=%2Fwp%2Fv2%2Ftags&post=8187"}],"curies":[{"name":"wp","href":"https:\/\/api.w.org\/{rel}","templated":true}]}}