{"id":854,"date":"2018-11-30T20:58:37","date_gmt":"2018-11-30T20:58:37","guid":{"rendered":"http:\/\/elobservatorio.com.mx\/inicia-pgr-investigacion-contra-titular-del-oic-de-api-manzanillo"},"modified":"2018-11-30T20:58:37","modified_gmt":"2018-11-30T20:58:37","slug":"inicia-pgr-investigacion-contra-titular-del-oic-de-api-manzanillo","status":"publish","type":"post","link":"http:\/\/elobservatorio.com.mx\/?p=854","title":{"rendered":"Inicia PGR investigaci\u00f3n contra titular del OIC de API Manzanillo"},"content":{"rendered":"<p><em>*Rom\u00e1n Pablo Rangel Pinedo, titular del \u00d3rgano Interno de Control de Manzanillo es investigado por intentar cancelar una terminal de fluidos que generar\u00e1 m\u00e1s de mil empleos nuevos e inversiones de m\u00e1s de 800 millones de pesos<\/em><\/p>\n<p>El 27 de noviembre la Procuradur\u00eda General de la Rep\u00fablica (PGR) inici\u00f3 una carpeta de investigaci\u00f3n en contra de Rom\u00e1n Pablo Rangel Pinedo, titular del \u00d3rgano Interno de Control de Manzanillo, a quien se le acusa de diversos actos que supuestamente intentar cancelar una terminal de fluidos que generar\u00e1 m\u00e1s de mil empleos nuevos e inversiones de m\u00e1s de 800 millones de pesos.<\/p>\n<p>En diversos medios de comunicaci\u00f3n nacional se da a conocer esta\u201dtrama\u201d de la API Manzanillo y se destaca que el equipo de Andr\u00e9s Manuel L\u00f3pez Obrador ha impulsado la llegada de capital que genere nuevos trabajos y detone la actividad econ\u00f3mica regional en entidades como Colima, por lo que la terminal de fluidos es importante tanto para generar empleos bien remunerados como para consolidar los planes del nuevo gobierno en materia energ\u00e9tica.<\/p>\n<p>Por lo mismo, representantes de la pr\u00f3xima administraci\u00f3n recibieron un expediente y la denuncia de la PGR en contra de Rom\u00e1n Pablo Rangel Pinedo, por lo que revisar\u00e1n a detalle las acciones que realice el funcionario este viernes 30 de noviembre durante la reuni\u00f3n de Consejo de la API de Manzanillo, ya que podr\u00eda intentar boicotear un contrato que genera inversi\u00f3n y empleos.<\/p>\n<p>De continuar las indagatorias y comprobarse las acusaciones, Rangel Pinedo podr\u00eda ser el primer titular del OIC acusado y sentenciado en el sexenio de Andr\u00e9s Manuel L\u00f3pez Obrador.<\/p>\n<p>Incluso, la Secretar\u00eda de la Funci\u00f3n P\u00fablica, actualmente en manos de Arely G\u00f3mez y que pasar\u00e1 a Er\u00e9ndira Sandoval, tambi\u00e9n indaga la actuaci\u00f3n de este servidor p\u00fablico por lo que colaborar\u00e1n con la PGR que titula Alberto El\u00edas Beltr\u00e1n si es que existieran actos fuera de la ley.<\/p>\n<p>La misma SCT que encabezar\u00e1 Javier Jim\u00e9nez Espri\u00fa sabe que el proyecto otorgado a la empresa Log\u00edstica de Fluidos y Graneles S.A. de C.V., generar\u00e1 inversi\u00f3n y desarrollo del puerto m\u00e1s importante del pa\u00eds.<\/p>\n<p>Incluso, el pasado 25 de octubre de 2018 el Juzgado Segundo del Poder Judicial de la Federaci\u00f3n neg\u00f3 la suspensi\u00f3n definitiva que solicit\u00f3 un tercero que tambi\u00e9n intent\u00f3 detener el contrato de Cesi\u00f3n Parcial de Derechos y Obligaciones que entreg\u00f3 la Administraci\u00f3n Portuaria Integral (API).<\/p>\n","protected":false},"excerpt":{"rendered":"<p>*Rom\u00e1n Pablo Rangel Pinedo, titular del \u00d3rgano Interno de Control de Manzanillo es investigado por intentar cancelar una terminal de fluidos que generar\u00e1 m\u00e1s de mil empleos nuevos e inversiones de m\u00e1s de 800 millones de pesos El 27 de noviembre la Procuradur\u00eda General de la Rep\u00fablica (PGR) inici\u00f3 una carpeta de investigaci\u00f3n en contra&#8230;<\/p>\n","protected":false},"author":2,"featured_media":855,"comment_status":"open","ping_status":"open","sticky":false,"template":"","format":"standard","meta":{"footnotes":""},"categories":[17,15],"tags":[29,30,28],"class_list":["post-854","post","type-post","status-publish","format-standard","has-post-thumbnail","hentry","category-economia-y-negocios","category-seguridad-y-justicia","tag-grid","tag-news","tag-slider"],"_links":{"self":[{"href":"http:\/\/elobservatorio.com.mx\/index.php?rest_route=\/wp\/v2\/posts\/854"}],"collection":[{"href":"http:\/\/elobservatorio.com.mx\/index.php?rest_route=\/wp\/v2\/posts"}],"about":[{"href":"http:\/\/elobservatorio.com.mx\/index.php?rest_route=\/wp\/v2\/types\/post"}],"author":[{"embeddable":true,"href":"http:\/\/elobservatorio.com.mx\/index.php?rest_route=\/wp\/v2\/users\/2"}],"replies":[{"embeddable":true,"href":"http:\/\/elobservatorio.com.mx\/index.php?rest_route=%2Fwp%2Fv2%2Fcomments&post=854"}],"version-history":[{"count":0,"href":"http:\/\/elobservatorio.com.mx\/index.php?rest_route=\/wp\/v2\/posts\/854\/revisions"}],"wp:featuredmedia":[{"embeddable":true,"href":"http:\/\/elobservatorio.com.mx\/index.php?rest_route=\/wp\/v2\/media\/855"}],"wp:attachment":[{"href":"http:\/\/elobservatorio.com.mx\/index.php?rest_route=%2Fwp%2Fv2%2Fmedia&parent=854"}],"wp:term":[{"taxonomy":"category","embeddable":true,"href":"http:\/\/elobservatorio.com.mx\/index.php?rest_route=%2Fwp%2Fv2%2Fcategories&post=854"},{"taxonomy":"post_tag","embeddable":true,"href":"http:\/\/elobservatorio.com.mx\/index.php?rest_route=%2Fwp%2Fv2%2Ftags&post=854"}],"curies":[{"name":"wp","href":"https:\/\/api.w.org\/{rel}","templated":true}]}}