{"id":857,"date":"2018-12-03T22:41:33","date_gmt":"2018-12-03T22:41:33","guid":{"rendered":"http:\/\/elobservatorio.com.mx\/reincorpora-profepa-especies-a-su-habitat-natural-en-colima"},"modified":"2018-12-03T22:42:32","modified_gmt":"2018-12-03T22:42:32","slug":"reincorpora-profepa-especies-a-su-habitat-natural-en-colima","status":"publish","type":"post","link":"http:\/\/elobservatorio.com.mx\/?p=857","title":{"rendered":"Reincorpora PROFEPA especies a su h\u00e1bitat natural en Colima"},"content":{"rendered":"<p><em>*Se trata de un saurio macho de 1.50 metros de longitud, un tlacuache y un tapacamino.<\/em><\/p>\n<p>Se trata de un saurio macho de 1.50 metros de longitud y un peso cercano a los 15 kilogramos<br \/>\nLa Procuradur\u00eda Federal de Protecci\u00f3n al Ambiente (Profepa) reintrodujo a su medio natural a un cocodrilo americano, un tlacuache y un tapacamino, tras ser capturados y resguardados para garantizar su cuidado y protecci\u00f3n en el municipio de Manzanillo, Colima.<\/p>\n<p>Personal de la dependencia detect\u00f3 inicialmente un ejemplar de cocodrilo americano (Crocodylus acutus) en las inmediaciones del Residencial Club Santiago, que colinda con la Laguna de Juluapan, en el citado municipio, por lo que fue capturado y reintroducido en su h\u00e1bitat.<\/p>\n<p>De acuerdo con un comunicado, se trata de un saurio macho de 1.50 metros de longitud y un peso cercano a los 15 kilogramos. Est\u00e1 listado en la NOM-059-SEMARNAT-10 bajo la categor\u00eda de Sujeto a Protecci\u00f3n Especial (Pr).<\/p>\n<p>Asimismo, la procuradur\u00eda ambiental atendi\u00f3 llamados sobre un ave que se hab\u00eda lastimado, por lo que hab\u00eda detenido su vuelo y se encontraba en la mancha urbana de Manzanillo; luego de ser recuperada y protegida, se someti\u00f3 a una revisi\u00f3n integral efectuada por un M\u00e9dico Veterinario Zootecnista en esa ciudad.<\/p>\n<p>El ave era un Tapacamino (Antrostomus ridgwayi) y tambi\u00e9n fue reincorporada a su h\u00e1bitat. En tanto, personal de Protecci\u00f3n Civil de Manzanillo notific\u00f3 a la Profepa sobre un ejemplar de tlacuache juvenil (Didelphis virginiana), capturado dentro de una casa habitaci\u00f3n; fue recuperado y reintroducido a su h\u00e1bitat.<\/p>\n","protected":false},"excerpt":{"rendered":"<p>*Se trata de un saurio macho de 1.50 metros de longitud, un tlacuache y un tapacamino. Se trata de un saurio macho de 1.50 metros de longitud y un peso cercano a los 15 kilogramos La Procuradur\u00eda Federal de Protecci\u00f3n al Ambiente (Profepa) reintrodujo a su medio natural a un cocodrilo americano, un tlacuache y&#8230;<\/p>\n","protected":false},"author":2,"featured_media":858,"comment_status":"open","ping_status":"open","sticky":false,"template":"","format":"standard","meta":{"footnotes":""},"categories":[15],"tags":[29,30,28],"class_list":["post-857","post","type-post","status-publish","format-standard","has-post-thumbnail","hentry","category-seguridad-y-justicia","tag-grid","tag-news","tag-slider"],"_links":{"self":[{"href":"http:\/\/elobservatorio.com.mx\/index.php?rest_route=\/wp\/v2\/posts\/857"}],"collection":[{"href":"http:\/\/elobservatorio.com.mx\/index.php?rest_route=\/wp\/v2\/posts"}],"about":[{"href":"http:\/\/elobservatorio.com.mx\/index.php?rest_route=\/wp\/v2\/types\/post"}],"author":[{"embeddable":true,"href":"http:\/\/elobservatorio.com.mx\/index.php?rest_route=\/wp\/v2\/users\/2"}],"replies":[{"embeddable":true,"href":"http:\/\/elobservatorio.com.mx\/index.php?rest_route=%2Fwp%2Fv2%2Fcomments&post=857"}],"version-history":[{"count":0,"href":"http:\/\/elobservatorio.com.mx\/index.php?rest_route=\/wp\/v2\/posts\/857\/revisions"}],"wp:featuredmedia":[{"embeddable":true,"href":"http:\/\/elobservatorio.com.mx\/index.php?rest_route=\/wp\/v2\/media\/858"}],"wp:attachment":[{"href":"http:\/\/elobservatorio.com.mx\/index.php?rest_route=%2Fwp%2Fv2%2Fmedia&parent=857"}],"wp:term":[{"taxonomy":"category","embeddable":true,"href":"http:\/\/elobservatorio.com.mx\/index.php?rest_route=%2Fwp%2Fv2%2Fcategories&post=857"},{"taxonomy":"post_tag","embeddable":true,"href":"http:\/\/elobservatorio.com.mx\/index.php?rest_route=%2Fwp%2Fv2%2Ftags&post=857"}],"curies":[{"name":"wp","href":"https:\/\/api.w.org\/{rel}","templated":true}]}}