{"id":861,"date":"2018-12-03T22:48:33","date_gmt":"2018-12-03T22:48:33","guid":{"rendered":"http:\/\/elobservatorio.com.mx\/ciudadanos-y-ayuntamiento-trabajamos-en-equipo-por-la-seguridad-felipe-cruz"},"modified":"2018-12-03T22:48:33","modified_gmt":"2018-12-03T22:48:33","slug":"ciudadanos-y-ayuntamiento-trabajamos-en-equipo-por-la-seguridad-felipe-cruz","status":"publish","type":"post","link":"http:\/\/elobservatorio.com.mx\/?p=861","title":{"rendered":"Ciudadanos y Ayuntamiento trabajamos en equipo por la seguridad: Felipe Cruz"},"content":{"rendered":"<p>Los ciudadanos y el Ayuntamiento estamos trabajando en equipo para devolverle la seguridad al municipio, y para ello nos estamos coordinando con las autoridades estatales y las del \u00e1mbito federal, que asumieron su responsabilidad este s\u00e1bado 1 de diciembre.<\/p>\n<p>As\u00ed lo expres\u00f3 el Presidente Municipal de Villa de \u00c1lvarez, durante la ceremonia c\u00edvica de primer lunes de mes, que presidi\u00f3 en el Sal\u00f3n de Cabildo, donde entreg\u00f3 reconocimientos a trabajadores y polic\u00edas viales.<\/p>\n<p>Cruz Calvario se\u00f1al\u00f3 que, con la entrada del nuevo gobierno federal, desde el s\u00e1bado reciente, cada d\u00eda, a temprana hora, viene sosteniendo reuniones autoridades estatales y federales, para analizar el tema de seguridad, del d\u00eda anterior, y fijar metas para el presente.<\/p>\n<p>Por otra parte, personal de Seguridad P\u00fablica, a cargo de Sergio Granados Aguilar, est\u00e1 implementado una estrategia conjunta con los ciudadanos, con quienes se re\u00fane todos los d\u00edas, para fijar poner en marcha acciones en materia de prevenci\u00f3n del delito, indic\u00f3 el edil villalvarense.<\/p>\n<p>\u201cEstamos muy conscientes de la situaci\u00f3n que vivimos en Villa de \u00c1lvarez, que es una situaci\u00f3n parecida en todo el pa\u00eds; nosotros, cuando entramos hace 47 d\u00edas, recibimos s\u00f3lo 7 patrullas funcionando; en los primeros d\u00edas sacamos 7 patrullas m\u00e1s de los talleres y hemos estado entregando armamento y equipamiento a los agentes de seguridad, a lo que debemos agregar que nuestra administraci\u00f3n trae la nueva din\u00e1mica de di\u00e1logo, acercamiento e integraci\u00f3n de los ciudadanos, porque as\u00ed es como puede haber mejores resultados en seguridad\u201d.<\/p>\n","protected":false},"excerpt":{"rendered":"<p>Los ciudadanos y el Ayuntamiento estamos trabajando en equipo para devolverle la seguridad al municipio, y para ello nos estamos coordinando con las autoridades estatales y las del \u00e1mbito federal, que asumieron su responsabilidad este s\u00e1bado 1 de diciembre. As\u00ed lo expres\u00f3 el Presidente Municipal de Villa de \u00c1lvarez, durante la ceremonia c\u00edvica de primer&#8230;<\/p>\n","protected":false},"author":2,"featured_media":862,"comment_status":"open","ping_status":"open","sticky":false,"template":"","format":"standard","meta":{"footnotes":""},"categories":[8,42],"tags":[29,30,28],"class_list":["post-861","post","type-post","status-publish","format-standard","has-post-thumbnail","hentry","category-municipios","category-villa-de-alvarez","tag-grid","tag-news","tag-slider"],"_links":{"self":[{"href":"http:\/\/elobservatorio.com.mx\/index.php?rest_route=\/wp\/v2\/posts\/861"}],"collection":[{"href":"http:\/\/elobservatorio.com.mx\/index.php?rest_route=\/wp\/v2\/posts"}],"about":[{"href":"http:\/\/elobservatorio.com.mx\/index.php?rest_route=\/wp\/v2\/types\/post"}],"author":[{"embeddable":true,"href":"http:\/\/elobservatorio.com.mx\/index.php?rest_route=\/wp\/v2\/users\/2"}],"replies":[{"embeddable":true,"href":"http:\/\/elobservatorio.com.mx\/index.php?rest_route=%2Fwp%2Fv2%2Fcomments&post=861"}],"version-history":[{"count":0,"href":"http:\/\/elobservatorio.com.mx\/index.php?rest_route=\/wp\/v2\/posts\/861\/revisions"}],"wp:featuredmedia":[{"embeddable":true,"href":"http:\/\/elobservatorio.com.mx\/index.php?rest_route=\/wp\/v2\/media\/862"}],"wp:attachment":[{"href":"http:\/\/elobservatorio.com.mx\/index.php?rest_route=%2Fwp%2Fv2%2Fmedia&parent=861"}],"wp:term":[{"taxonomy":"category","embeddable":true,"href":"http:\/\/elobservatorio.com.mx\/index.php?rest_route=%2Fwp%2Fv2%2Fcategories&post=861"},{"taxonomy":"post_tag","embeddable":true,"href":"http:\/\/elobservatorio.com.mx\/index.php?rest_route=%2Fwp%2Fv2%2Ftags&post=861"}],"curies":[{"name":"wp","href":"https:\/\/api.w.org\/{rel}","templated":true}]}}