{"id":868,"date":"2018-12-03T23:14:54","date_gmt":"2018-12-03T23:14:54","guid":{"rendered":"http:\/\/elobservatorio.com.mx\/recibamos-la-navidad-con-alegria-y-entusiasmo"},"modified":"2018-12-03T23:14:54","modified_gmt":"2018-12-03T23:14:54","slug":"recibamos-la-navidad-con-alegria-y-entusiasmo","status":"publish","type":"post","link":"http:\/\/elobservatorio.com.mx\/?p=868","title":{"rendered":"Recibamos la navidad con alegr\u00eda y entusiasmo"},"content":{"rendered":"<p><em>*Con un\u00a0 gran evento de encendido del \u00c1rbol Navide\u00f1o, dio inicio con las Fiestas\u00a0 de Diciembre.<\/em><\/p>\n<p>En el\u00a0 marco de un excelente evento\u00a0 que nunca antes se hab\u00eda presentado con la calidad y la organizaci\u00f3n,\u00a0 en donde hubo\u00a0 una gran presentaci\u00f3n musical de rock navide\u00f1o,\u00a0 m\u00fasica,\u00a0 espectacular\u00a0 pirotecnia, regalos\u00a0 para todos los ni\u00f1os y\u00a0 cena para\u00a0 todos los asistentes; este\u00a0 s\u00e1bado 1 de diciembre, el presidente municipal de Cuauht\u00e9moc, Rafael Mendoza,\u00a0 con la entusiasta participaci\u00f3n\u00a0 de cientos de personas, que fueron coreando\u00a0 la cuenta\u00a0 regresiva de diez; encendi\u00f3 el \u00c1rbol Navide\u00f1o 2018, con cuyo\u00a0 acto inician formalmente las fiestas de Navidad\u00a0 en el municipio de Cuauht\u00e9moc.<\/p>\n<p>Antes de\u00a0 realizar el encendido del monumental\u00a0 \u00c1rbol Navide\u00f1o, que\u00a0 compart\u00eda sus luces\u00a0 con la\u00a0 decoraci\u00f3n del edificio de la presidencia municipal, iluminando\u00a0 en un gran radio\u00a0 este espacio\u00a0 p\u00fablico; el alcalde Rafael Mendoza emiti\u00f3 un breve y\u00a0 emotivo mensaje,\u00a0 en donde\u00a0 salud\u00f3 a todos los asistentes\u00a0 y tras observar la\u00a0 buena organizaci\u00f3n\u00a0 de los arreglos\u00a0 de luces y adornos, expres\u00f3\u00a0 que\u00a0 toda la\u00a0\u00a0 poblaci\u00f3n va a poder disfrutar\u00a0 acudiendo con sus\u00a0 familias.<\/p>\n<p>Rafael Mendoza reconoci\u00f3 a\u00a0 la Oficial\u00eda Mayor y a la\u00a0 direcci\u00f3n de Educaci\u00f3n, Cultura y Deporte, a cargo de Mar\u00eda Teresa Silva Gonz\u00e1lez, e\u00a0 Isabel L\u00f3pez Serrano, respectivamente, por el gran empe\u00f1o que mostraron en la organizaci\u00f3n del \u00c1rbol Navide\u00f1o y la iluminaci\u00f3n y los adornos en todo el espacio; y dijo que\u00a0 \u201ctodos vamos a poder disfrutar de estos grandes adornos que en ning\u00fan otro a\u00f1o se hab\u00edan hecho en Cuauht\u00e9moc\u201d.<\/p>\n<p>El alcalde\u00a0 expres\u00f3\u00a0 tambi\u00e9n que son los deseos de su gobierno municipal, el que\u00a0 todas las familias se la pasen bien y disfruten de la Navidad, y tras su mensaje\u00a0 recibi\u00f3 aplausos y gritos de felicitaci\u00f3n por\u00a0 el\u00a0 novedoso y\u00a0 vistoso\u00a0 evento del encendido del \u00c1rbol Navide\u00f1o y arranque de las fiestas decembrinas en Cuauht\u00e9moc.<\/p>\n<p>Es de destacar la gran participaci\u00f3n que\u00a0 tuvieron alumnos y alumnas de la\u00a0 del\u00a0 sexto grado de la Escuela Primaria \u201cValent\u00edn\u00a0 G\u00f3mez Far\u00edas\u201d, turno matutino, que\u00a0 con\u00a0 vestimenta de\u00a0\u00a0 simbolismo navide\u00f1o interpretaron un baile de rock navide\u00f1o que\u00a0 disfrut\u00f3 el p\u00fablico asistente y que\u00a0 premio su presentaci\u00f3n con grandes aplausos.<\/p>\n<p>Luego de encender el \u00e1rbol, el presidente municipal\u00a0 recorri\u00f3 el \u00e1rea de\u00a0 los adornos navide\u00f1os y el Nacimiento que tambi\u00e9n forma parte de estas fiestas y posadas, admirando los\u00a0 excelentes arreglos navide\u00f1os que\u00a0 realzan\u00a0 esta\u00a0 gran tradici\u00f3n navide\u00f1a en Cuauht\u00e9moc; acompa\u00f1ado por la presidenta del DIF Municipal, Marily Mendoza God\u00ednez; la Oficial Mayor, Mar\u00eda teresa Silva Gonz\u00e1lez; el regidor, Emilio Puga Corona; la directora de Educaci\u00f3n, Cultura y Deporte, Isabel L\u00f3pez Serrano; y las bellas Reina con causa Rosy L\u00f3pez, y Se\u00f1orita San Marcos Jalisco 2017, Grecia Trujillo.<\/p>\n","protected":false},"excerpt":{"rendered":"<p>*Con un\u00a0 gran evento de encendido del \u00c1rbol Navide\u00f1o, dio inicio con las Fiestas\u00a0 de Diciembre. En el\u00a0 marco de un excelente evento\u00a0 que nunca antes se hab\u00eda presentado con la calidad y la organizaci\u00f3n,\u00a0 en donde hubo\u00a0 una gran presentaci\u00f3n musical de rock navide\u00f1o,\u00a0 m\u00fasica,\u00a0 espectacular\u00a0 pirotecnia, regalos\u00a0 para todos los ni\u00f1os y\u00a0 cena&#8230;<\/p>\n","protected":false},"author":2,"featured_media":869,"comment_status":"open","ping_status":"open","sticky":false,"template":"","format":"standard","meta":{"footnotes":""},"categories":[40,8],"tags":[29,30,28],"class_list":["post-868","post","type-post","status-publish","format-standard","has-post-thumbnail","hentry","category-cuauhtemoc","category-municipios","tag-grid","tag-news","tag-slider"],"_links":{"self":[{"href":"http:\/\/elobservatorio.com.mx\/index.php?rest_route=\/wp\/v2\/posts\/868"}],"collection":[{"href":"http:\/\/elobservatorio.com.mx\/index.php?rest_route=\/wp\/v2\/posts"}],"about":[{"href":"http:\/\/elobservatorio.com.mx\/index.php?rest_route=\/wp\/v2\/types\/post"}],"author":[{"embeddable":true,"href":"http:\/\/elobservatorio.com.mx\/index.php?rest_route=\/wp\/v2\/users\/2"}],"replies":[{"embeddable":true,"href":"http:\/\/elobservatorio.com.mx\/index.php?rest_route=%2Fwp%2Fv2%2Fcomments&post=868"}],"version-history":[{"count":0,"href":"http:\/\/elobservatorio.com.mx\/index.php?rest_route=\/wp\/v2\/posts\/868\/revisions"}],"wp:featuredmedia":[{"embeddable":true,"href":"http:\/\/elobservatorio.com.mx\/index.php?rest_route=\/wp\/v2\/media\/869"}],"wp:attachment":[{"href":"http:\/\/elobservatorio.com.mx\/index.php?rest_route=%2Fwp%2Fv2%2Fmedia&parent=868"}],"wp:term":[{"taxonomy":"category","embeddable":true,"href":"http:\/\/elobservatorio.com.mx\/index.php?rest_route=%2Fwp%2Fv2%2Fcategories&post=868"},{"taxonomy":"post_tag","embeddable":true,"href":"http:\/\/elobservatorio.com.mx\/index.php?rest_route=%2Fwp%2Fv2%2Ftags&post=868"}],"curies":[{"name":"wp","href":"https:\/\/api.w.org\/{rel}","templated":true}]}}