{"id":8764,"date":"2019-12-30T17:19:40","date_gmt":"2019-12-30T23:19:40","guid":{"rendered":"http:\/\/elobservatorio.com.mx\/?p=8764"},"modified":"2019-12-30T17:20:07","modified_gmt":"2019-12-30T23:20:07","slug":"acuerda-municipio-y-semov-detener-a-mototaxis","status":"publish","type":"post","link":"http:\/\/elobservatorio.com.mx\/?p=8764","title":{"rendered":"Acuerdan Municipio y SeMov detener a mototaxis"},"content":{"rendered":"<p>Con la finalidad de hacer operativos en conjunto para la detenci\u00f3n de los mototaxis que est\u00e1n operando de manera irregular en el municipio, se reunieron esta ma\u00f1ana, el Secretario del H. Ayuntamiento de Tecom\u00e1n Humberto Uribe Godinez; el Director General de Seguridad P\u00fablica y Polic\u00eda Vial (DGSPyPV) Comisario Leon\u00e9l Ram\u00edrez Medrano; el Director de Vialidad Mario Narvaez Zapata y el Delegado de la Secretar\u00eda de Movilidad en el municipio Armando Reyna Maga\u00f1a.<\/p>\n<p>Sobre el particular el titular de la DGSPyPV Leon\u00e9l Ram\u00edrez, mencion\u00f3 que esta coordinaci\u00f3n de acciones se deriva luego de haberse detectado algunos mototaxis circulando en la cabecera municipal, los cuales no cuentan con los permisos correspondientes ni por el H. Ayuntamiento ni por la Secretar\u00eda de Movilidad del Gobierno del Estado y acordaron que a trav\u00e9s de la Secretar\u00eda de Movilidad, se establecer\u00e1n acciones para el aseguramiento de los mismos.<\/p>\n<p>Ram\u00edrez Medrano destac\u00f3 la necesidad de aplicar la ley para este tipo de transporte, toda vez que no cuentan con las medidas de seguridad para el transporte de personas.<\/p>\n","protected":false},"excerpt":{"rendered":"<p>Con la finalidad de hacer operativos en conjunto para la detenci\u00f3n de los mototaxis que est\u00e1n operando de manera irregular en el municipio, se reunieron esta ma\u00f1ana, el Secretario del H. Ayuntamiento de Tecom\u00e1n Humberto Uribe Godinez; el Director General de Seguridad P\u00fablica y Polic\u00eda Vial (DGSPyPV) Comisario Leon\u00e9l Ram\u00edrez Medrano; el Director de Vialidad&#8230;<\/p>\n","protected":false},"author":2,"featured_media":8765,"comment_status":"open","ping_status":"open","sticky":false,"template":"","format":"standard","meta":{"footnotes":""},"categories":[8,34],"tags":[29,30,28],"class_list":["post-8764","post","type-post","status-publish","format-standard","has-post-thumbnail","hentry","category-municipios","category-tecoman","tag-grid","tag-news","tag-slider"],"_links":{"self":[{"href":"http:\/\/elobservatorio.com.mx\/index.php?rest_route=\/wp\/v2\/posts\/8764"}],"collection":[{"href":"http:\/\/elobservatorio.com.mx\/index.php?rest_route=\/wp\/v2\/posts"}],"about":[{"href":"http:\/\/elobservatorio.com.mx\/index.php?rest_route=\/wp\/v2\/types\/post"}],"author":[{"embeddable":true,"href":"http:\/\/elobservatorio.com.mx\/index.php?rest_route=\/wp\/v2\/users\/2"}],"replies":[{"embeddable":true,"href":"http:\/\/elobservatorio.com.mx\/index.php?rest_route=%2Fwp%2Fv2%2Fcomments&post=8764"}],"version-history":[{"count":0,"href":"http:\/\/elobservatorio.com.mx\/index.php?rest_route=\/wp\/v2\/posts\/8764\/revisions"}],"wp:featuredmedia":[{"embeddable":true,"href":"http:\/\/elobservatorio.com.mx\/index.php?rest_route=\/wp\/v2\/media\/8765"}],"wp:attachment":[{"href":"http:\/\/elobservatorio.com.mx\/index.php?rest_route=%2Fwp%2Fv2%2Fmedia&parent=8764"}],"wp:term":[{"taxonomy":"category","embeddable":true,"href":"http:\/\/elobservatorio.com.mx\/index.php?rest_route=%2Fwp%2Fv2%2Fcategories&post=8764"},{"taxonomy":"post_tag","embeddable":true,"href":"http:\/\/elobservatorio.com.mx\/index.php?rest_route=%2Fwp%2Fv2%2Ftags&post=8764"}],"curies":[{"name":"wp","href":"https:\/\/api.w.org\/{rel}","templated":true}]}}