{"id":8790,"date":"2020-01-04T12:58:31","date_gmt":"2020-01-04T18:58:31","guid":{"rendered":"http:\/\/elobservatorio.com.mx\/?p=8790"},"modified":"2020-01-04T12:58:31","modified_gmt":"2020-01-04T18:58:31","slug":"arranca-rafael-mendoza-este-lunes-programa-de-audiencias-publicas","status":"publish","type":"post","link":"http:\/\/elobservatorio.com.mx\/?p=8790","title":{"rendered":"Arranca Rafael Mendoza este lunes programa de audiencias p\u00fablicas"},"content":{"rendered":"<p>*Los Lunes y Martes abarcar\u00e1 9 comunidades, incluida la cabecera municipal<\/p>\n<p>*Reafirma un gobierno de permanente contacto con la gente.<\/p>\n<p>Como se lo plante\u00f3 desde el inicio de su gobierno en el primer trienio, y ahora en el ejercicio de su segundo periodo constitucional; el presidente municipal de Cuauht\u00e9moc mantendr\u00e1 un programa permanente de contacto y de dialogo con los habitantes de su municipio, con los tradicionales \u201cLunes y Martes Ciudadanos\u201d, que arrancar\u00e1 precisamente este lunes 6 de enero con la atenci\u00f3n a los ciudadanos de Queser\u00eda, Chiapa y Buenavista, comunidades que visitar\u00e1 cada semana.<\/p>\n<p>Este a\u00f1o que inicia, el presidente municipal, ha reforzado su agenda de audiencias de los \u201cLunes y Martes Ciudadanos\u201d, con nuevos horarios y agregando m\u00e1s comunidades, lo que permitir\u00e1 una mayor cobertura y m\u00e1s facilidades para escuchar a los ciudadanos en sus propios lugares de origen, evitando desplazamientos.<\/p>\n<p>Tambi\u00e9n, con la finalidad de\u00a0 evitar desplazamientos de\u00a0 funcionarios y directores, el presidente municipal\u00a0 atender\u00e1 a los ciudadanos acompa\u00f1ado de las\u00a0 autoridades\u00a0 auxiliares, como presidentes de Junta y Comisarios Municipales; ello dentro de la l\u00ednea que\u00a0 estableci\u00f3 de evitar\u00a0 numerosa comitiva y\u00a0 que los titulares\u00a0 permanezcan atendiendo sus asuntos, y a quienes de manera directa e inmediata les remitir\u00e1 los planteamientos o demandas de los ciudadanos, para una atenci\u00f3n urgente y esmerada.<\/p>\n<p>Este es el calendario del programa de contacto permanente con la gente a trav\u00e9s de los \u201cLunes y Martes Ciudadanos\u201d, que se remitir\u00e1 a las respectivas comunidades para que, con el apoyo de las autoridades municipales auxiliares, las personas tengan presente el d\u00eda y el horario en que el\u00a0 presidente\u00a0 estar\u00e1 en sus lugares y puedan\u00a0 dialogar con \u00e9l y plantear asuntos:<\/p>\n","protected":false},"excerpt":{"rendered":"<p>*Los Lunes y Martes abarcar\u00e1 9 comunidades, incluida la cabecera municipal *Reafirma un gobierno de permanente contacto con la gente. Como se lo plante\u00f3 desde el inicio de su gobierno en el primer trienio, y ahora en el ejercicio de su segundo periodo constitucional; el presidente municipal de Cuauht\u00e9moc mantendr\u00e1 un programa permanente de contacto&#8230;<\/p>\n","protected":false},"author":2,"featured_media":8791,"comment_status":"open","ping_status":"open","sticky":false,"template":"","format":"standard","meta":{"footnotes":""},"categories":[40,8],"tags":[29,30,28],"class_list":["post-8790","post","type-post","status-publish","format-standard","has-post-thumbnail","hentry","category-cuauhtemoc","category-municipios","tag-grid","tag-news","tag-slider"],"_links":{"self":[{"href":"http:\/\/elobservatorio.com.mx\/index.php?rest_route=\/wp\/v2\/posts\/8790"}],"collection":[{"href":"http:\/\/elobservatorio.com.mx\/index.php?rest_route=\/wp\/v2\/posts"}],"about":[{"href":"http:\/\/elobservatorio.com.mx\/index.php?rest_route=\/wp\/v2\/types\/post"}],"author":[{"embeddable":true,"href":"http:\/\/elobservatorio.com.mx\/index.php?rest_route=\/wp\/v2\/users\/2"}],"replies":[{"embeddable":true,"href":"http:\/\/elobservatorio.com.mx\/index.php?rest_route=%2Fwp%2Fv2%2Fcomments&post=8790"}],"version-history":[{"count":0,"href":"http:\/\/elobservatorio.com.mx\/index.php?rest_route=\/wp\/v2\/posts\/8790\/revisions"}],"wp:featuredmedia":[{"embeddable":true,"href":"http:\/\/elobservatorio.com.mx\/index.php?rest_route=\/wp\/v2\/media\/8791"}],"wp:attachment":[{"href":"http:\/\/elobservatorio.com.mx\/index.php?rest_route=%2Fwp%2Fv2%2Fmedia&parent=8790"}],"wp:term":[{"taxonomy":"category","embeddable":true,"href":"http:\/\/elobservatorio.com.mx\/index.php?rest_route=%2Fwp%2Fv2%2Fcategories&post=8790"},{"taxonomy":"post_tag","embeddable":true,"href":"http:\/\/elobservatorio.com.mx\/index.php?rest_route=%2Fwp%2Fv2%2Ftags&post=8790"}],"curies":[{"name":"wp","href":"https:\/\/api.w.org\/{rel}","templated":true}]}}