{"id":8826,"date":"2020-01-06T21:09:22","date_gmt":"2020-01-07T03:09:22","guid":{"rendered":"http:\/\/elobservatorio.com.mx\/?p=8826"},"modified":"2020-01-06T21:09:22","modified_gmt":"2020-01-07T03:09:22","slug":"nuevos-uniformes-a-policias-este-mes-felipe-cruz","status":"publish","type":"post","link":"http:\/\/elobservatorio.com.mx\/?p=8826","title":{"rendered":"Nuevos Uniformes a Polic\u00edas, este Mes: Felipe Cruz"},"content":{"rendered":"<p>Este mes los polic\u00edas de Villa de \u00c1lvarez tendr\u00e1n un par de uniformes nuevos, expres\u00f3 esta ma\u00f1ana el Presidente Municipal Felipe Cruz Calvario.<\/p>\n<p>Al encabezar la ceremonia c\u00edvica de primer lunes de mes, en el Sal\u00f3n de Cabildo, planta baja de la Presidencia Municipal, la cual toc\u00f3 organizarla a la Direcci\u00f3n General de Seguridad P\u00fablica, presidida por Sergio Granados Aguilar, el alcalde villalvarense inform\u00f3 que, de esta manera, la administraci\u00f3n ir\u00e1 mejorando las condiciones laborales y de equipamiento de esta instituci\u00f3n en bien de los ciudadanos.<\/p>\n<p>Cruz Calvario, por otra parte, durante entrevista con medios informativos, sobre todo radiof\u00f3nicos, ha venido informando que durante el 2020 polic\u00edas y polic\u00edas viales contar\u00e1n con m\u00e1s patrullas, equipamiento y capacitaci\u00f3n, de acuerdo con las exigencias de Villa de \u00c1lvarez.<\/p>\n<p>Acompa\u00f1aron al alcalde, en este evento c\u00edvico, su esposa y Presidente del DIF Municipal, Sandra Patricia Ceballos Polanco; la S\u00edndico Karina Marisol Heredia Guzm\u00e1n; las regidoras Graciela Jim\u00e9nez Meza y Erandi Yunu\u00e9n Rodr\u00edguez Alonzo; los regidores Josu\u00e9 Eulalio Vergara Santana, Daniel Torres Gonz\u00e1lez y Mario Padilla L\u00f3pez; la Oficial Mayor Gladia Fabiola Mendoza Quintero; el Secretario del Ayuntamiento Jes\u00fas Alberto Partida Valencia; y el Contralor Municipal Juan Hilario Reyes Grajeda.<\/p>\n","protected":false},"excerpt":{"rendered":"<p>Este mes los polic\u00edas de Villa de \u00c1lvarez tendr\u00e1n un par de uniformes nuevos, expres\u00f3 esta ma\u00f1ana el Presidente Municipal Felipe Cruz Calvario. Al encabezar la ceremonia c\u00edvica de primer lunes de mes, en el Sal\u00f3n de Cabildo, planta baja de la Presidencia Municipal, la cual toc\u00f3 organizarla a la Direcci\u00f3n General de Seguridad P\u00fablica,&#8230;<\/p>\n","protected":false},"author":2,"featured_media":8827,"comment_status":"open","ping_status":"open","sticky":false,"template":"","format":"standard","meta":{"footnotes":""},"categories":[8,42],"tags":[29,30,28],"class_list":["post-8826","post","type-post","status-publish","format-standard","has-post-thumbnail","hentry","category-municipios","category-villa-de-alvarez","tag-grid","tag-news","tag-slider"],"_links":{"self":[{"href":"http:\/\/elobservatorio.com.mx\/index.php?rest_route=\/wp\/v2\/posts\/8826"}],"collection":[{"href":"http:\/\/elobservatorio.com.mx\/index.php?rest_route=\/wp\/v2\/posts"}],"about":[{"href":"http:\/\/elobservatorio.com.mx\/index.php?rest_route=\/wp\/v2\/types\/post"}],"author":[{"embeddable":true,"href":"http:\/\/elobservatorio.com.mx\/index.php?rest_route=\/wp\/v2\/users\/2"}],"replies":[{"embeddable":true,"href":"http:\/\/elobservatorio.com.mx\/index.php?rest_route=%2Fwp%2Fv2%2Fcomments&post=8826"}],"version-history":[{"count":0,"href":"http:\/\/elobservatorio.com.mx\/index.php?rest_route=\/wp\/v2\/posts\/8826\/revisions"}],"wp:featuredmedia":[{"embeddable":true,"href":"http:\/\/elobservatorio.com.mx\/index.php?rest_route=\/wp\/v2\/media\/8827"}],"wp:attachment":[{"href":"http:\/\/elobservatorio.com.mx\/index.php?rest_route=%2Fwp%2Fv2%2Fmedia&parent=8826"}],"wp:term":[{"taxonomy":"category","embeddable":true,"href":"http:\/\/elobservatorio.com.mx\/index.php?rest_route=%2Fwp%2Fv2%2Fcategories&post=8826"},{"taxonomy":"post_tag","embeddable":true,"href":"http:\/\/elobservatorio.com.mx\/index.php?rest_route=%2Fwp%2Fv2%2Ftags&post=8826"}],"curies":[{"name":"wp","href":"https:\/\/api.w.org\/{rel}","templated":true}]}}