{"id":8836,"date":"2020-01-06T22:16:45","date_gmt":"2020-01-07T04:16:45","guid":{"rendered":"http:\/\/elobservatorio.com.mx\/?p=8836"},"modified":"2020-01-06T22:16:45","modified_gmt":"2020-01-07T04:16:45","slug":"inicia-i-jornada-de-musica-en-el-iuba","status":"publish","type":"post","link":"http:\/\/elobservatorio.com.mx\/?p=8836","title":{"rendered":"Inicia I Jornada de M\u00fasica en el IUBA"},"content":{"rendered":"<p><em>*Objetivo: \u201cOfrecer una alternativa de formaci\u00f3n continua en temas que no se ven en una curr\u00edcula de escuela de M\u00fasica\u201d: Mayra Pati\u00f1o, profesora.<\/em><\/p>\n<p>Este lunes comenzaron las actividades de la primera Jornada de M\u00fasica del Instituto Universitario de Bellas Artes (IUBA) de la Universidad de Colima con el curso-taller de Ingenier\u00eda en Audio, que impartieron los instructores Tony Sep\u00falveda y Eduardo Moreno. Momentos antes, los organizadores de la jornada, Mayra Pati\u00f1o Orozco y Yahir Alejandro Montes Natera, dieron la bienvenida a los participantes.<\/p>\n<p>Al tomar la palabra, Mayra Pati\u00f1o coment\u00f3 que objetivo de esta primera jornada consiste en ofrecerles a los estudiantes, egresados y profesionistas \u201cuna alternativa de formaci\u00f3n continua en temas que no se ven en una curr\u00edcula de la escuela de M\u00fasica, as\u00ed como acercarlos m\u00e1s a ritmos latinos, ejecuci\u00f3n de algunos instrumentos, t\u00e9cnicas de jazz e ingenier\u00eda en audio, entre otros\u201d.<\/p>\n<p>En entrevista, se\u00f1al\u00f3 que en esta primera jornada se tuvo buena respuesta de estudiantes, tanto de bachillerato en el \u00e1rea de M\u00fasica como de licenciatura; asimismo, continu\u00f3, \u201chay profesionistas que no se formaron en la UdeC y se inscribieron\u201d.<\/p>\n<p>Tambi\u00e9n record\u00f3 que esta jornada surgi\u00f3 de la iniciativa del egresado de M\u00fasica Alejandro Montes, \u201cquien bas\u00e1ndose en su experiencia en el \u00e1mbito profesional, se dio cuenta que esto hac\u00eda falta, y es quien realiza contactos para que se pueda llevar a cabo esta jornada\u201d, dijo.<\/p>\n<p>Agreg\u00f3 que por las ma\u00f1anas habr\u00e1 clases magistrales de percusiones y contrabajo, cursos de armon\u00eda moderna, de arreglos musicales y de ritmos latinos. Por la tarde, se impartir\u00e1n conferencias, una de las cuales abordar\u00e1 la m\u00fasica que se realiza para el cine. A las ocho de la noche, adem\u00e1s, se ofrecer\u00e1n conciertos en la Pinacoteca abiertos al p\u00fablico en general.<\/p>\n<p>Por \u00faltimo, Alejandro Montes dijo que, en el \u00e1mbito de la M\u00fasica, tambi\u00e9n es importante conocer la tecnolog\u00eda; \u201csi alguna vez queremos grabar algo de lo que tocamos para guardarlo o mandarlo a una escuela, es importante saber qu\u00e9 programas usar y c\u00f3mo\u201d, finaliz\u00f3.<\/p>\n<p>&nbsp;<\/p>\n","protected":false},"excerpt":{"rendered":"<p>*Objetivo: \u201cOfrecer una alternativa de formaci\u00f3n continua en temas que no se ven en una curr\u00edcula de escuela de M\u00fasica\u201d: Mayra Pati\u00f1o, profesora. Este lunes comenzaron las actividades de la primera Jornada de M\u00fasica del Instituto Universitario de Bellas Artes (IUBA) de la Universidad de Colima con el curso-taller de Ingenier\u00eda en Audio, que impartieron&#8230;<\/p>\n","protected":false},"author":2,"featured_media":8837,"comment_status":"open","ping_status":"open","sticky":false,"template":"","format":"standard","meta":{"footnotes":""},"categories":[14],"tags":[29,30,28],"class_list":["post-8836","post","type-post","status-publish","format-standard","has-post-thumbnail","hentry","category-educacion-y-cultura","tag-grid","tag-news","tag-slider"],"_links":{"self":[{"href":"http:\/\/elobservatorio.com.mx\/index.php?rest_route=\/wp\/v2\/posts\/8836"}],"collection":[{"href":"http:\/\/elobservatorio.com.mx\/index.php?rest_route=\/wp\/v2\/posts"}],"about":[{"href":"http:\/\/elobservatorio.com.mx\/index.php?rest_route=\/wp\/v2\/types\/post"}],"author":[{"embeddable":true,"href":"http:\/\/elobservatorio.com.mx\/index.php?rest_route=\/wp\/v2\/users\/2"}],"replies":[{"embeddable":true,"href":"http:\/\/elobservatorio.com.mx\/index.php?rest_route=%2Fwp%2Fv2%2Fcomments&post=8836"}],"version-history":[{"count":0,"href":"http:\/\/elobservatorio.com.mx\/index.php?rest_route=\/wp\/v2\/posts\/8836\/revisions"}],"wp:featuredmedia":[{"embeddable":true,"href":"http:\/\/elobservatorio.com.mx\/index.php?rest_route=\/wp\/v2\/media\/8837"}],"wp:attachment":[{"href":"http:\/\/elobservatorio.com.mx\/index.php?rest_route=%2Fwp%2Fv2%2Fmedia&parent=8836"}],"wp:term":[{"taxonomy":"category","embeddable":true,"href":"http:\/\/elobservatorio.com.mx\/index.php?rest_route=%2Fwp%2Fv2%2Fcategories&post=8836"},{"taxonomy":"post_tag","embeddable":true,"href":"http:\/\/elobservatorio.com.mx\/index.php?rest_route=%2Fwp%2Fv2%2Ftags&post=8836"}],"curies":[{"name":"wp","href":"https:\/\/api.w.org\/{rel}","templated":true}]}}