{"id":8841,"date":"2020-01-06T22:57:22","date_gmt":"2020-01-07T04:57:22","guid":{"rendered":"http:\/\/elobservatorio.com.mx\/?p=8841"},"modified":"2020-01-06T22:57:22","modified_gmt":"2020-01-07T04:57:22","slug":"alejandro-fernandez-saldra-del-closet-asegura-mhoni-vidente","status":"publish","type":"post","link":"http:\/\/elobservatorio.com.mx\/?p=8841","title":{"rendered":"Alejandro Fern\u00e1ndez saldr\u00e1 del cl\u00f3set, asegura  Mhoni Vidente"},"content":{"rendered":"<p><em>*La semana pasada Mhoni Vidente caus\u00f3 alarma en las redes sociales al decir que ocurrir\u00e1 una tercera guerra mundial<\/em><\/p>\n<p><b>Ciudad de M\u00e9xico.-<\/b>\u00a0<b>Mhoni Vidente<\/b>\u00a0revel\u00f3 el 4 de enero que<b>\u00a0Alejandro Fern\u00e1ndez<\/b>\u00a0saldr\u00e1 del cl\u00f3set este 2020 en el programa Con Permiso con\u00a0<b>Martha Figueroa y Juan Jos\u00e9 Origel<\/b>.<\/p>\n<p>\u201cEste a\u00f1o uno de los nietos, de los hijos, de los hermanos, sale del cl\u00f3set\u201d, dijo la cubana.<\/p>\n<p>Adem\u00e1s indic\u00f3 que ve algo \u201cmalito\u201d a Vicente Fern\u00e1ndez.<\/p>\n<p>Agreg\u00f3 que este a\u00f1o no habr\u00e1 sismos y que el m\u00e1s fuerte ser\u00e1 de 6.5 pero que no pasar\u00e1 nada grave.<\/p>\n<p>Adem\u00e1s visualiz\u00f3 que Donald Trump no ganar\u00e1 las elecciones. Predijo que el nuevo presidente de los Estados Unidos saldr\u00e1 de Nueva York o de California.<\/p>\n<p>La semana pasada Mhoni Vidente caus\u00f3 alarma en las redes sociales al decir que ocurrir\u00e1 una tercera guerra mundial.<\/p>\n<p><b>La afamada pitonisa cubana dijo que la tercera guerra mundial est\u00e1 muy cerca<\/b>\u00a0y se\u00f1al\u00f3 espec\u00edficamente al presidente ruso Vladimir Putin, de querer interferir en Am\u00e9rica Latina.<\/p>\n<blockquote><p>\u201cLos rusos ya no lo quieren, pero \u00e9l tiene toda la fuerza y el poder, seguir\u00e1 adelante queriendo dominar el mundo: Cuba, Nicaragua, Venezuela, Argentina, y M\u00e9xico; pero los iluminados lo van a detener. Pero \u00e9l provoca la tercera guerra mundial, se\u00f1ores\u201d.<\/p><\/blockquote>\n<blockquote><p>&lt;iframe width=\u00bb459&#8243; height=\u00bb430&#8243; src=\u00bbhttps:\/\/www.youtube.com\/embed\/RKzwaT7D670&#8243; frameborder=\u00bb0&#8243; allow=\u00bbaccelerometer; autoplay; encrypted-media; gyroscope; picture-in-picture\u00bb allowfullscreen&gt;&lt;\/iframe&gt;<\/p><\/blockquote>\n","protected":false},"excerpt":{"rendered":"<p>*La semana pasada Mhoni Vidente caus\u00f3 alarma en las redes sociales al decir que ocurrir\u00e1 una tercera guerra mundial Ciudad de M\u00e9xico.-\u00a0Mhoni Vidente\u00a0revel\u00f3 el 4 de enero que\u00a0Alejandro Fern\u00e1ndez\u00a0saldr\u00e1 del cl\u00f3set este 2020 en el programa Con Permiso con\u00a0Martha Figueroa y Juan Jos\u00e9 Origel. \u201cEste a\u00f1o uno de los nietos, de los hijos, de los&#8230;<\/p>\n","protected":false},"author":2,"featured_media":8842,"comment_status":"open","ping_status":"open","sticky":false,"template":"","format":"standard","meta":{"footnotes":""},"categories":[32],"tags":[29,30,28],"class_list":["post-8841","post","type-post","status-publish","format-standard","has-post-thumbnail","hentry","category-escenario","tag-grid","tag-news","tag-slider"],"_links":{"self":[{"href":"http:\/\/elobservatorio.com.mx\/index.php?rest_route=\/wp\/v2\/posts\/8841"}],"collection":[{"href":"http:\/\/elobservatorio.com.mx\/index.php?rest_route=\/wp\/v2\/posts"}],"about":[{"href":"http:\/\/elobservatorio.com.mx\/index.php?rest_route=\/wp\/v2\/types\/post"}],"author":[{"embeddable":true,"href":"http:\/\/elobservatorio.com.mx\/index.php?rest_route=\/wp\/v2\/users\/2"}],"replies":[{"embeddable":true,"href":"http:\/\/elobservatorio.com.mx\/index.php?rest_route=%2Fwp%2Fv2%2Fcomments&post=8841"}],"version-history":[{"count":0,"href":"http:\/\/elobservatorio.com.mx\/index.php?rest_route=\/wp\/v2\/posts\/8841\/revisions"}],"wp:featuredmedia":[{"embeddable":true,"href":"http:\/\/elobservatorio.com.mx\/index.php?rest_route=\/wp\/v2\/media\/8842"}],"wp:attachment":[{"href":"http:\/\/elobservatorio.com.mx\/index.php?rest_route=%2Fwp%2Fv2%2Fmedia&parent=8841"}],"wp:term":[{"taxonomy":"category","embeddable":true,"href":"http:\/\/elobservatorio.com.mx\/index.php?rest_route=%2Fwp%2Fv2%2Fcategories&post=8841"},{"taxonomy":"post_tag","embeddable":true,"href":"http:\/\/elobservatorio.com.mx\/index.php?rest_route=%2Fwp%2Fv2%2Ftags&post=8841"}],"curies":[{"name":"wp","href":"https:\/\/api.w.org\/{rel}","templated":true}]}}