{"id":901,"date":"2018-12-04T00:01:45","date_gmt":"2018-12-04T00:01:45","guid":{"rendered":"http:\/\/elobservatorio.com.mx\/jalisco-no-se-raja"},"modified":"2018-12-04T00:01:45","modified_gmt":"2018-12-04T00:01:45","slug":"jalisco-no-se-raja","status":"publish","type":"post","link":"http:\/\/elobservatorio.com.mx\/?p=901","title":{"rendered":"JALISCO NO SE RAJA"},"content":{"rendered":"<p><strong>TAREA POL\u00cdTICA<\/strong><\/p>\n<p><em>Jos\u00e9 Lu\u00eds Santana Ochoa<\/em><\/p>\n<p>Mientras que los gobernadores priistas del pa\u00eds se le han puesto al presidente Andr\u00e9s Manuel L\u00f3pez Obrador blanditos y cooperando en todas sus determinaciones, y el dizque independiente de Nuevo Le\u00f3n \u201ccomo dice una cosa dice otra cosa\u201d, los panistas y perredistas le han pintado con claridad la raya, pero es el de Jalisco, Enrique Alfaro Anguiano, quien con mayor sustento y determinaci\u00f3n lo ha hecho confirmando su liderazgo como la voz disidente ante el centralismo avasallante del nuevo Gobierno Federal.<\/p>\n<p>\u201cNo vamos a permitir que se vulnere nuestra soberan\u00eda ni mucho menos que se traicione el Pacto Federal, hacerlo ser\u00eda tanto como resignarnos a una realidad que pareciera ir tomando forma de controles desde el centro del pa\u00eds sobre el destino pol\u00edtico, financiero administrativo y de la seguridad de nuestro estado\u201d, dispar\u00f3 desde la Perla Tapat\u00eda arropado por l\u00edderes jaliscienses de todos los \u00e1mbitos, especialmente de las prestigiosas universidades, reunidos la semana anterior frente a la Rotonda de los Jaliscienses Ilustres.<\/p>\n<p>\u201cLamentablemente, se\u00f1or Presidente electo (\u2026) ninguno de los proyectos prioritarios que planteamos parecen estar incluidos en la propuesta de presupuesto que ser\u00e1 presentada a la C\u00e1mara de Diputados en los pr\u00f3ximos d\u00edas, as\u00ed nos lo han confirmado todos los futuros funcionarios del pr\u00f3ximo gobierno responsables de la construcci\u00f3n del proyecto presupuestal. Tampoco vemos reflejados, (\u2026) los proyectos que, atendiendo a sus sugerencias, priorizamos a partir de la l\u00f3gica de concluir obras ya iniciadas y con registro en la Unidad de Inversi\u00f3n de la Secretar\u00eda de Hacienda, mucho menos hemos encontrado alguna de las distintas propuestas que los municipios de Jalisco, independientemente de su filiaci\u00f3n pol\u00edtica, han presentado por distintas v\u00edas, sabiendo que muy pocos municipios de este pa\u00eds tienen lo indispensable para cumplir con sus responsabilidades constitucionales, incluso se nos ha informado de la pretensi\u00f3n de modificar las reglas para centralizar a\u00fan m\u00e1s la operaci\u00f3n del conocido ramo 23\u201d, reclama fuerte el gobernador electo de Jalisco.<\/p>\n<p>El presidente de la Feria Internacional del Libro (FIL), Ra\u00fal Padilla L\u00f3pez, secund\u00f3 al Enrique Alfaro Ram\u00edrez conminando\u00a0 al presidente electo Andr\u00e9s Manuel L\u00f3pez Obrador a que \u201cno impulse reformas que violan el Pacto Federal y que vulneran la autonom\u00eda de los estados\u201d, postura coincidente con la de su todav\u00eda gobernador,\u00a0 Arist\u00f3teles Sandoval D\u00edaz, quien aprovech\u00f3 el escenario de la inauguraci\u00f3n de la FIL 2018 para exhortar \u00a0a todos los gobernadores a que se sumen al sentido \u00a0reclamo de respeto a la democracia y a la autonom\u00eda de los estados.<\/p>\n<p>Mientras que L\u00f3pez Obrador les ha perdonado a los grandes corruptos del pa\u00eds, Enrique Alfaro Ram\u00edrez dice de Jalisco que gobernar\u00e1 los pr\u00f3ximos seis a\u00f1os que \u201ceste es un estado en donde los ciudadanos tienen sed de justicia, en donde sabemos el costo que tiene la impunidad (\u2026) En Jalisco vamos a castigar a los corruptos con o sin el aval del Gobierno Federal, en Jalisco los corruptos ir\u00e1n a la c\u00e1rcel, no de vacaciones. No se trata de un acto de rebeld\u00eda o de insurrecci\u00f3n, es un acto de congruencia y de responsabilidad al que esperamos se sumen muchos m\u00e1s estados del pa\u00eds; si no somos capaces de levantar la voz hoy, el riesgo de que las voces de las regiones, estados y municipios de este pa\u00eds sean borradas para siempre es enorme\u201d.<\/p>\n<p>Con Jalisco ha topado la cuarta transformaci\u00f3n, y Jalisco no se raja ni espanta con las balandronadas de la se\u00f1ora Yeidckol Polevnsky Gurwitz, quien hace a\u00f1os reneg\u00f3 de su nombre original de Citlalli Ib\u00e1\u00f1ez Camacho, ni del moreno senador guerrerense F\u00e9lix \u201cEl toro sin cerca\u201d Salgado Macedonio que amenaza con desparecer los poderes locales en aquellas entidades cuyos gobernadores osen sublev\u00e1rsele a su a patr\u00f3n Andr\u00e9s Manuel L\u00f3pez Obrador.<\/p>\n<p><strong>EL ACABO<\/strong><\/p>\n<p><strong>\u00a0*<\/strong>Para el gobernador Jos\u00e9 Ignacio Peralta, los \u201cs\u00faper delegados\u201d como Indira Vizca\u00edno Silva \u201cson m\u00e1s una figura por la lucha del poder, que para resolver los temas prioritarios de la Naci\u00f3n y de los estados\u201d.<\/p>\n<p>*El gran proyecto de AMLO con sus \u201csuperdelgados o presidentitos estatales\u201d es posicionarlos para que ganen las gubernaturas en las elecciones venideras.<\/p>\n<p>*AMLO y sus asesores contin\u00faan abriendo frentes a diestra y siniestra. M\u00e1s pronto de lo que imaginan les llegar\u00e1n los d\u00edas de recoger varas. Al tiempo.<\/p>\n<p>*Termina la far\u00e1ndula pe\u00f1ista e inicia la Republica Amorosa de AMLO guiada por su Constituci\u00f3n Moral en proceso de parto.<\/p>\n<p>&nbsp;<\/p>\n","protected":false},"excerpt":{"rendered":"<p>TAREA POL\u00cdTICA Jos\u00e9 Lu\u00eds Santana Ochoa Mientras que los gobernadores priistas del pa\u00eds se le han puesto al presidente Andr\u00e9s Manuel L\u00f3pez Obrador blanditos y cooperando en todas sus determinaciones, y el dizque independiente de Nuevo Le\u00f3n \u201ccomo dice una cosa dice otra cosa\u201d, los panistas y perredistas le han pintado con claridad la raya,&#8230;<\/p>\n","protected":false},"author":2,"featured_media":607,"comment_status":"open","ping_status":"open","sticky":false,"template":"","format":"standard","meta":{"footnotes":""},"categories":[11],"tags":[29,30,28],"class_list":["post-901","post","type-post","status-publish","format-standard","has-post-thumbnail","hentry","category-opinion","tag-grid","tag-news","tag-slider"],"_links":{"self":[{"href":"http:\/\/elobservatorio.com.mx\/index.php?rest_route=\/wp\/v2\/posts\/901"}],"collection":[{"href":"http:\/\/elobservatorio.com.mx\/index.php?rest_route=\/wp\/v2\/posts"}],"about":[{"href":"http:\/\/elobservatorio.com.mx\/index.php?rest_route=\/wp\/v2\/types\/post"}],"author":[{"embeddable":true,"href":"http:\/\/elobservatorio.com.mx\/index.php?rest_route=\/wp\/v2\/users\/2"}],"replies":[{"embeddable":true,"href":"http:\/\/elobservatorio.com.mx\/index.php?rest_route=%2Fwp%2Fv2%2Fcomments&post=901"}],"version-history":[{"count":0,"href":"http:\/\/elobservatorio.com.mx\/index.php?rest_route=\/wp\/v2\/posts\/901\/revisions"}],"wp:featuredmedia":[{"embeddable":true,"href":"http:\/\/elobservatorio.com.mx\/index.php?rest_route=\/wp\/v2\/media\/607"}],"wp:attachment":[{"href":"http:\/\/elobservatorio.com.mx\/index.php?rest_route=%2Fwp%2Fv2%2Fmedia&parent=901"}],"wp:term":[{"taxonomy":"category","embeddable":true,"href":"http:\/\/elobservatorio.com.mx\/index.php?rest_route=%2Fwp%2Fv2%2Fcategories&post=901"},{"taxonomy":"post_tag","embeddable":true,"href":"http:\/\/elobservatorio.com.mx\/index.php?rest_route=%2Fwp%2Fv2%2Ftags&post=901"}],"curies":[{"name":"wp","href":"https:\/\/api.w.org\/{rel}","templated":true}]}}