{"id":903,"date":"2018-12-04T00:09:51","date_gmt":"2018-12-04T00:09:51","guid":{"rendered":"http:\/\/elobservatorio.com.mx\/conmemora-congreso-dia-internacional-de-la-discapacidad"},"modified":"2018-12-04T00:09:51","modified_gmt":"2018-12-04T00:09:51","slug":"conmemora-congreso-dia-internacional-de-la-discapacidad","status":"publish","type":"post","link":"http:\/\/elobservatorio.com.mx\/?p=903","title":{"rendered":"Conmemora Congreso d\u00eda internacional de la discapacidad"},"content":{"rendered":"<p><em>*Realiza Legislatura de la Paridad de G\u00e9nero la ceremonia c\u00edvica mensual<\/em><\/p>\n<p>El Congreso del Estado de Colima record\u00f3 el D\u00eda Internacional de las Personas con Discapacidad durante la ceremonia c\u00edvica realizada este lunes.<\/p>\n<p>A esta ceremonia c\u00edvica asistieron alumnos, maestros y padres de familia del Colegio An\u00e1huac, Diputados y personal del Poder Legislativo, organizada por la Comisi\u00f3n de Educaci\u00f3n y Cultura, que preside la Diputada Rosalva Far\u00edas Larios.<\/p>\n<p>Alumnos de primaria del Colegio An\u00e1huac, ganadores del concurso inter-escuelas de tablas gimn\u00e1sticas, presentaron un mosaico r\u00edtmico.<\/p>\n<p>En el mensaje oficial, la Diputada Araceli Garc\u00eda Muro, presidenta de la mesa directiva de la 59 Legislatura, destac\u00f3 que hoy no es un d\u00eda cualquiera, pues se trata de un d\u00eda especialmente declarado de trascendencia internacional, con motivo del reconocimiento de la importancia que representan todas las personas que tienen alg\u00fan tipo de discapacidad.<\/p>\n<p>Record\u00f3 que el 14 de octubre de 1992, la Asamblea General de la ONU proclam\u00f3 esta fecha como D\u00eda Internacional de las Personas con Discapacidad, pues desde la perspectiva internacional, la discapacidad es una condici\u00f3n que afecta el nivel de vida de un individuo o de un grupo.<\/p>\n<p>\u201cResulta fundamental no s\u00f3lo hoy erradicar del lenguaje cualquier expresi\u00f3n que tenga como fin se\u00f1alamientos cuyo origen no es otro m\u00e1s que un perjuicio o estereotipo, que agreden gravemente la dignidad de las personas con discapacidad; su condici\u00f3n no debe ser motivo para desterrar su dignidad humana, por el contrario una sociedad se ennoblece tratando con respeto y responsabilidad a quienes tienen alguna discapacidad\u201d, reconoci\u00f3 la Diputada Garc\u00eda Muro.<\/p>\n<p>Afirm\u00f3 que en el pa\u00eds existe un mill\u00f3n de personas con discapacidad, quienes recibir\u00e1n apoyos mensuales de 1,274 pesos para destinarlos a sus necesidades b\u00e1sicas y mitigar la enorme desventaja en que han ca\u00eddo, presas del olvido\u201d, asegur\u00f3.<\/p>\n<p>Aprovech\u00f3 para refrendar compromiso de la 59 Legislatura con las personas con discapacidad.<\/p>\n<p>\u201cHago hincapi\u00e9 en que velaremos para que (las personas con discapacidad) no sufran atropellos en sus derechos, pero sobre todo que jam\u00e1s les sea pisoteada su dignidad como personas valiosas que son para nuestra sociedad\u201d, concluy\u00f3.<\/p>\n<p>En tanto, Jazm\u00edn Garc\u00eda Ram\u00edrez, Presidenta de la Comisi\u00f3n de Gobierno Interno y Acuerdos Parlamentarios, destac\u00f3 que \u201c\u00e9ste es un Congreso abierto a toda la sociedad, donde vamos a escuchar y atender las necesidades de la poblaci\u00f3n colimense\u201d; agradeci\u00f3 la participaci\u00f3n de los estudiantes y maestros del Colegio An\u00e1huac, y el personal del Poder Legislativo e invitados especiales.<\/p>\n<p>A la ceremonia c\u00edvica tambi\u00e9n asistieron los legisladores Lizeth Rodr\u00edguez Soriano, Mar\u00eda Guadalupe Berver Corona y Francisco Javier Rodr\u00edguez Garc\u00eda, as\u00ed como Ignacio S\u00e1nchez y Jorge de la O Alvarado, representantes de las Secretar\u00edas de Educaci\u00f3n y de la Juventud; teniendo como maestro de ceremonias al Jefe de Comunicaci\u00f3n Social del Congreso, Jos\u00e9 Armando Naranjo Gonz\u00e1lez.<\/p>\n","protected":false},"excerpt":{"rendered":"<p>*Realiza Legislatura de la Paridad de G\u00e9nero la ceremonia c\u00edvica mensual El Congreso del Estado de Colima record\u00f3 el D\u00eda Internacional de las Personas con Discapacidad durante la ceremonia c\u00edvica realizada este lunes. A esta ceremonia c\u00edvica asistieron alumnos, maestros y padres de familia del Colegio An\u00e1huac, Diputados y personal del Poder Legislativo, organizada por&#8230;<\/p>\n","protected":false},"author":2,"featured_media":904,"comment_status":"open","ping_status":"open","sticky":false,"template":"","format":"standard","meta":{"footnotes":""},"categories":[1],"tags":[29,30,28],"class_list":["post-903","post","type-post","status-publish","format-standard","has-post-thumbnail","hentry","category-espacio-legislativo","tag-grid","tag-news","tag-slider"],"_links":{"self":[{"href":"http:\/\/elobservatorio.com.mx\/index.php?rest_route=\/wp\/v2\/posts\/903"}],"collection":[{"href":"http:\/\/elobservatorio.com.mx\/index.php?rest_route=\/wp\/v2\/posts"}],"about":[{"href":"http:\/\/elobservatorio.com.mx\/index.php?rest_route=\/wp\/v2\/types\/post"}],"author":[{"embeddable":true,"href":"http:\/\/elobservatorio.com.mx\/index.php?rest_route=\/wp\/v2\/users\/2"}],"replies":[{"embeddable":true,"href":"http:\/\/elobservatorio.com.mx\/index.php?rest_route=%2Fwp%2Fv2%2Fcomments&post=903"}],"version-history":[{"count":0,"href":"http:\/\/elobservatorio.com.mx\/index.php?rest_route=\/wp\/v2\/posts\/903\/revisions"}],"wp:featuredmedia":[{"embeddable":true,"href":"http:\/\/elobservatorio.com.mx\/index.php?rest_route=\/wp\/v2\/media\/904"}],"wp:attachment":[{"href":"http:\/\/elobservatorio.com.mx\/index.php?rest_route=%2Fwp%2Fv2%2Fmedia&parent=903"}],"wp:term":[{"taxonomy":"category","embeddable":true,"href":"http:\/\/elobservatorio.com.mx\/index.php?rest_route=%2Fwp%2Fv2%2Fcategories&post=903"},{"taxonomy":"post_tag","embeddable":true,"href":"http:\/\/elobservatorio.com.mx\/index.php?rest_route=%2Fwp%2Fv2%2Ftags&post=903"}],"curies":[{"name":"wp","href":"https:\/\/api.w.org\/{rel}","templated":true}]}}