{"id":906,"date":"2018-12-04T00:14:33","date_gmt":"2018-12-04T00:14:33","guid":{"rendered":"http:\/\/elobservatorio.com.mx\/respeta-morena-decision-de-diputados-que-pretendan-abandonar-su-bancada"},"modified":"2018-12-04T00:14:33","modified_gmt":"2018-12-04T00:14:33","slug":"respeta-morena-decision-de-diputados-que-pretendan-abandonar-su-bancada","status":"publish","type":"post","link":"http:\/\/elobservatorio.com.mx\/?p=906","title":{"rendered":"Respeta MORENA decisi\u00f3n de diputados que pretendan abandonar su bancada"},"content":{"rendered":"<p><em>*Los diputados de Morena son libres de permanecer o cambiarse de bancada.<\/em><\/p>\n<p>La Fracci\u00f3n Parlamentaria del Partido Movimiento de Regeneraci\u00f3n Nacional en la Quincuag\u00e9sima Novena Legislatura Local es respetuosa de la decisi\u00f3n que toman sus diputados integrantes de renunciar a esta bancada y cambiarse a otra fracci\u00f3n legislativa.<\/p>\n<p>\u201cLos diputados son libres de permanecer o cambiarse de bancada\u201d, afirm\u00f3 la presidente de la Comisi\u00f3n de Gobierno Interno y Acuerdos Parlamentarios del Congreso del Estado y coordinadora de la Fracci\u00f3n Parlamentaria de Morena, Jazm\u00edn Garc\u00eda Ram\u00edrez.<\/p>\n<p>Sobre la salida de la Fracci\u00f3n de Morena del ex coordinador de ese grupo parlamentario, Miguel \u00c1ngel S\u00e1nchez, quien se sum\u00f3 en el mismo cargo en bancada del PVEM, Garc\u00eda Ram\u00edrez indic\u00f3 que las decisiones de cada legislador son individuales.<\/p>\n<p>\u201cCada quien trae sus propios objetivos, sus propios fines, pero como bancada seguimos trabajando en conjunto\u201d, dijo.<\/p>\n<p>La Legisladora n rechazo ni acepto que pudieran presentarse nuevos \u201cmovimientos\u201d de integrantes de su bancada. \u201cM\u00e1s que esperarlos es una din\u00e1mica natural de los seres humanos estar en constante cambio, modificaci\u00f3n de nuestros pensamientos y actitudes.<\/p>\n<p>\u201cLa decisi\u00f3n que cada uno de ellos tome es libre, tan libre est\u00e1 que se preserv\u00f3 en un art\u00edculo del reglamento de que es decisi\u00f3n de cada diputado permanecer o cambiarse de grupo parlamentario, nosotros no venimos a imponer nada, estamos para respetar los derechos y ese es uno de los derechos y principios b\u00e1sicos, la libertad\u201d, subray\u00f3.<\/p>\n<p>Jazm\u00edn Garc\u00eda puntualiz\u00f3 que a cada quien le corresponde actuar de acuerdo a lo que la poblaci\u00f3n le solicit\u00f3 y vot\u00f3, \u201csi hubieran querido algo distinto habr\u00eda votado por algo distinto\u201d.<\/p>\n<p>Dio a conocer que la bancada de Morena present\u00f3 su agenda legislativa, pero adem\u00e1s dijo cada diputado de esta fracci\u00f3n present\u00f3 su propio plan de trabajo, aunque no est\u00e1 mandatado por la ley. \u201clo estamos haciendo para que la sociedad se d\u00e9 cuenta que venimos a trabajar\u201d.<\/p>\n<p>Sobre un posible reacomodo de las Comisiones Legislativas, la presidente de la Comisi\u00f3n de Gobierno Interno y Acuerdos Parlamentarios del Congreso dijo que \u201ctodo est\u00e1 en que nos pongamos de acuerdo, una vez que habiendo el consenso. Creo que no hay ning\u00fan problema ni inconveniente en que se realice\u201d, concluy\u00f3.<\/p>\n","protected":false},"excerpt":{"rendered":"<p>*Los diputados de Morena son libres de permanecer o cambiarse de bancada. La Fracci\u00f3n Parlamentaria del Partido Movimiento de Regeneraci\u00f3n Nacional en la Quincuag\u00e9sima Novena Legislatura Local es respetuosa de la decisi\u00f3n que toman sus diputados integrantes de renunciar a esta bancada y cambiarse a otra fracci\u00f3n legislativa. \u201cLos diputados son libres de permanecer o&#8230;<\/p>\n","protected":false},"author":2,"featured_media":907,"comment_status":"open","ping_status":"open","sticky":false,"template":"","format":"standard","meta":{"footnotes":""},"categories":[1],"tags":[29,30,28],"class_list":["post-906","post","type-post","status-publish","format-standard","has-post-thumbnail","hentry","category-espacio-legislativo","tag-grid","tag-news","tag-slider"],"_links":{"self":[{"href":"http:\/\/elobservatorio.com.mx\/index.php?rest_route=\/wp\/v2\/posts\/906"}],"collection":[{"href":"http:\/\/elobservatorio.com.mx\/index.php?rest_route=\/wp\/v2\/posts"}],"about":[{"href":"http:\/\/elobservatorio.com.mx\/index.php?rest_route=\/wp\/v2\/types\/post"}],"author":[{"embeddable":true,"href":"http:\/\/elobservatorio.com.mx\/index.php?rest_route=\/wp\/v2\/users\/2"}],"replies":[{"embeddable":true,"href":"http:\/\/elobservatorio.com.mx\/index.php?rest_route=%2Fwp%2Fv2%2Fcomments&post=906"}],"version-history":[{"count":0,"href":"http:\/\/elobservatorio.com.mx\/index.php?rest_route=\/wp\/v2\/posts\/906\/revisions"}],"wp:featuredmedia":[{"embeddable":true,"href":"http:\/\/elobservatorio.com.mx\/index.php?rest_route=\/wp\/v2\/media\/907"}],"wp:attachment":[{"href":"http:\/\/elobservatorio.com.mx\/index.php?rest_route=%2Fwp%2Fv2%2Fmedia&parent=906"}],"wp:term":[{"taxonomy":"category","embeddable":true,"href":"http:\/\/elobservatorio.com.mx\/index.php?rest_route=%2Fwp%2Fv2%2Fcategories&post=906"},{"taxonomy":"post_tag","embeddable":true,"href":"http:\/\/elobservatorio.com.mx\/index.php?rest_route=%2Fwp%2Fv2%2Ftags&post=906"}],"curies":[{"name":"wp","href":"https:\/\/api.w.org\/{rel}","templated":true}]}}