{"id":912,"date":"2018-12-04T00:22:24","date_gmt":"2018-12-04T00:22:24","guid":{"rendered":"http:\/\/elobservatorio.com.mx\/con-una-gran-asistencia-arranco-ayer-el-festival-de-luces-viviendo-la-navidad"},"modified":"2018-12-04T00:22:24","modified_gmt":"2018-12-04T00:22:24","slug":"con-una-gran-asistencia-arranco-ayer-el-festival-de-luces-viviendo-la-navidad","status":"publish","type":"post","link":"http:\/\/elobservatorio.com.mx\/?p=912","title":{"rendered":"Con una gran asistencia arranc\u00f3 ayer el festival de luces \u00abviviendo la navidad\u00bb"},"content":{"rendered":"<p>Con m\u00e1s de un centenar de personas que se dieron cita en el Andador L\u00f3pez Mateos de Tecom\u00e1n, arranc\u00f3 \u00e9ste jueves el Festival de Luces \u201cViviendo La Navidad\u201d, que se lleva a cabo desde el 29 de Noviembre y hasta el 06 de enero.<\/p>\n<p>El Presidente Municipal El\u00edas Lozano Ochoa, junto con su esposa la Presidenta del DIF Municipal Irma Mirella Mart\u00ednez Silva de Lozano, integrantes de su cabildo y funcionarios de la comuna, as\u00ed como un nutrido grupo de familias locales, de la mano con una decena de peque\u00f1os de la Casa Hogar del Ni\u00f1o Tecomense, accionaron el switch que encendi\u00f3 las figuras de luces que se colocaron en el andador, ante la alegr\u00eda de los presentes.<\/p>\n<p>Cabe destacar que previamente se anunci\u00f3 que este festival, se realiz\u00f3 con el patrocinio de algunas empresas locales, quienes contribuyeron para que se pudieran hacer realidad; tanto el alquiler de las figuras de luces como los eventos culturales, deportivos, musicales y exposiciones que se tendr\u00e1n durante la temporada decembrina en el Centro Hist\u00f3rico de Tecom\u00e1n.<\/p>\n<p>Al respecto el Presidente Municipal El\u00edas Lozano Ochoa destac\u00f3 que su compromiso es generar un cambio en Tecom\u00e1n con acciones que adem\u00e1s de apoyar al comercio local, contribuyan al fortalecimiento de las familias, como n\u00facleo de la sociedad \u201cestamos convencidos que la familia es un ente important\u00edsimo y vamos a trabajar para que tenga un rol protag\u00f3nico en todo este cambio que queremos generar\u201d.<\/p>\n<p>Lozano Ochoa abund\u00f3 que, como administraci\u00f3n, est\u00e1n obligados a generar espacios para que las familias de Tecom\u00e1n tengan la oportunidad de vivir, de convivir, de aprender, de relajarse en un ambiente en donde prevalezca la armon\u00eda y la paz social.<\/p>\n<p>Finalmente se hizo un recorrido por cada una de las figuras de luces colocadas estrat\u00e9gicamente a lo largo del andador, que las familias tecomenses tendr\u00e1n la oportunidad de disfrutar.<\/p>\n","protected":false},"excerpt":{"rendered":"<p>Con m\u00e1s de un centenar de personas que se dieron cita en el Andador L\u00f3pez Mateos de Tecom\u00e1n, arranc\u00f3 \u00e9ste jueves el Festival de Luces \u201cViviendo La Navidad\u201d, que se lleva a cabo desde el 29 de Noviembre y hasta el 06 de enero. El Presidente Municipal El\u00edas Lozano Ochoa, junto con su esposa la&#8230;<\/p>\n","protected":false},"author":2,"featured_media":913,"comment_status":"open","ping_status":"open","sticky":false,"template":"","format":"standard","meta":{"footnotes":""},"categories":[8,34],"tags":[29,30,28],"class_list":["post-912","post","type-post","status-publish","format-standard","has-post-thumbnail","hentry","category-municipios","category-tecoman","tag-grid","tag-news","tag-slider"],"_links":{"self":[{"href":"http:\/\/elobservatorio.com.mx\/index.php?rest_route=\/wp\/v2\/posts\/912"}],"collection":[{"href":"http:\/\/elobservatorio.com.mx\/index.php?rest_route=\/wp\/v2\/posts"}],"about":[{"href":"http:\/\/elobservatorio.com.mx\/index.php?rest_route=\/wp\/v2\/types\/post"}],"author":[{"embeddable":true,"href":"http:\/\/elobservatorio.com.mx\/index.php?rest_route=\/wp\/v2\/users\/2"}],"replies":[{"embeddable":true,"href":"http:\/\/elobservatorio.com.mx\/index.php?rest_route=%2Fwp%2Fv2%2Fcomments&post=912"}],"version-history":[{"count":0,"href":"http:\/\/elobservatorio.com.mx\/index.php?rest_route=\/wp\/v2\/posts\/912\/revisions"}],"wp:featuredmedia":[{"embeddable":true,"href":"http:\/\/elobservatorio.com.mx\/index.php?rest_route=\/wp\/v2\/media\/913"}],"wp:attachment":[{"href":"http:\/\/elobservatorio.com.mx\/index.php?rest_route=%2Fwp%2Fv2%2Fmedia&parent=912"}],"wp:term":[{"taxonomy":"category","embeddable":true,"href":"http:\/\/elobservatorio.com.mx\/index.php?rest_route=%2Fwp%2Fv2%2Fcategories&post=912"},{"taxonomy":"post_tag","embeddable":true,"href":"http:\/\/elobservatorio.com.mx\/index.php?rest_route=%2Fwp%2Fv2%2Ftags&post=912"}],"curies":[{"name":"wp","href":"https:\/\/api.w.org\/{rel}","templated":true}]}}