{"id":915,"date":"2018-12-04T00:27:12","date_gmt":"2018-12-04T00:27:12","guid":{"rendered":"http:\/\/elobservatorio.com.mx\/tendra-la-feria-del-limon-un-modulo-agricola-renovado-y-atractivo"},"modified":"2018-12-04T00:27:12","modified_gmt":"2018-12-04T00:27:12","slug":"tendra-la-feria-del-limon-un-modulo-agricola-renovado-y-atractivo","status":"publish","type":"post","link":"http:\/\/elobservatorio.com.mx\/?p=915","title":{"rendered":"Tendr\u00e1 la Feria del Lim\u00f3n un m\u00f3dulo agr\u00edcola renovado y atractivo"},"content":{"rendered":"<p>En reuni\u00f3n con representantes de los Sistemas Producto, asociaciones ganaderas y productores de la regi\u00f3n se llev\u00f3 a cabo una reuni\u00f3n enfocada a coordinar acciones para las exposiciones que se van a colocar en el marco de la Feria del Lim\u00f3n Tecom\u00e1n 2018; estuvieron presente el Director de Desarrollo Rural Jos\u00e9 Luis C\u00e1zarez Bravo en representaci\u00f3n del alcalde El\u00edas Antonio Lozano Ochoa, el sub director de Desarrollo Rural Rub\u00e9n L\u00f3pez Vizca\u00edno, Alejandro Beltr\u00e1n en representaci\u00f3n del Secretario de Desarrollo Rural del Gobierno del Estado Sergio Agust\u00edn Morales Anguiano y Davide Arenas representante de la empresa encargada de la operatividad de la Feria del Lim\u00f3n Tecom\u00e1n 2019.<\/p>\n<p>Entre las solicitudes que se hicieron por parte de los presentes se coincidi\u00f3 en dar realce al m\u00e1ximo festejo anual y buscar que se retomen concursos que destaquen las actividades agr\u00edcolas y ganaderas, con mayor presencia de productos y maquetas y menos exposiciones fotogr\u00e1ficas.<\/p>\n<p>Asimismo por parte del Centro Biol\u00f3gico de Reproducci\u00f3n de Insectos Ben\u00e9ficos de la Sagarpa, se colocar\u00e1 la exposici\u00f3n de insectos que busca informar a la poblaci\u00f3n sobre las funciones ben\u00e9ficas que tiene cada uno de ellos, sobre todo por el impacto que se tiene en la agricultura.<\/p>\n<p>Otro de los temas que se tocaron fue la inquietud de los expositores por la seguridad de los stand y la posibilidad de que se pueda reforestar todo el \u00e1rea de feria con la intenci\u00f3n de que a todas horas del d\u00eda, acudan los ciudadanos, sin esperar a que se oculte el sol.<\/p>\n<p>Davide Arenas garantiz\u00f3 que toda la feria estar\u00e1 alumbrada para reforzar la seguridad de quienes la visitan, pero adem\u00e1s para que los expositores tengan la confianza de que lo que exhiban est\u00e9 todos los d\u00edas que va a durar la feria.<\/p>\n<p>Asimismo coincidi\u00f3 en que se muestre lo mejor de Tecom\u00e1n, porque se tienen los primeros lugares en exportaci\u00f3n en varios sistemas productos y que se pueda mostrar la capacidad que tiene Tecom\u00e1n en competitividad a nivel nacional e internacional.<\/p>\n<p>Finalmente el director y sub director de desarrollo rural de la comuna tecomense, organizadores de la reuni\u00f3n, coincidieron en hacer de la Feria del Lim\u00f3n Tecom\u00e1n 2019, un espacio diferente innovador y atractivo y acordaron reunirse el pr\u00f3ximo lunes 17 de diciembre para poder distribuir los espacios que ocupar\u00e1n en las exposiciones, cada uno de los participantes.<\/p>\n","protected":false},"excerpt":{"rendered":"<p>En reuni\u00f3n con representantes de los Sistemas Producto, asociaciones ganaderas y productores de la regi\u00f3n se llev\u00f3 a cabo una reuni\u00f3n enfocada a coordinar acciones para las exposiciones que se van a colocar en el marco de la Feria del Lim\u00f3n Tecom\u00e1n 2018; estuvieron presente el Director de Desarrollo Rural Jos\u00e9 Luis C\u00e1zarez Bravo en&#8230;<\/p>\n","protected":false},"author":2,"featured_media":916,"comment_status":"open","ping_status":"open","sticky":false,"template":"","format":"standard","meta":{"footnotes":""},"categories":[8,34],"tags":[29,30,28],"class_list":["post-915","post","type-post","status-publish","format-standard","has-post-thumbnail","hentry","category-municipios","category-tecoman","tag-grid","tag-news","tag-slider"],"_links":{"self":[{"href":"http:\/\/elobservatorio.com.mx\/index.php?rest_route=\/wp\/v2\/posts\/915"}],"collection":[{"href":"http:\/\/elobservatorio.com.mx\/index.php?rest_route=\/wp\/v2\/posts"}],"about":[{"href":"http:\/\/elobservatorio.com.mx\/index.php?rest_route=\/wp\/v2\/types\/post"}],"author":[{"embeddable":true,"href":"http:\/\/elobservatorio.com.mx\/index.php?rest_route=\/wp\/v2\/users\/2"}],"replies":[{"embeddable":true,"href":"http:\/\/elobservatorio.com.mx\/index.php?rest_route=%2Fwp%2Fv2%2Fcomments&post=915"}],"version-history":[{"count":0,"href":"http:\/\/elobservatorio.com.mx\/index.php?rest_route=\/wp\/v2\/posts\/915\/revisions"}],"wp:featuredmedia":[{"embeddable":true,"href":"http:\/\/elobservatorio.com.mx\/index.php?rest_route=\/wp\/v2\/media\/916"}],"wp:attachment":[{"href":"http:\/\/elobservatorio.com.mx\/index.php?rest_route=%2Fwp%2Fv2%2Fmedia&parent=915"}],"wp:term":[{"taxonomy":"category","embeddable":true,"href":"http:\/\/elobservatorio.com.mx\/index.php?rest_route=%2Fwp%2Fv2%2Fcategories&post=915"},{"taxonomy":"post_tag","embeddable":true,"href":"http:\/\/elobservatorio.com.mx\/index.php?rest_route=%2Fwp%2Fv2%2Ftags&post=915"}],"curies":[{"name":"wp","href":"https:\/\/api.w.org\/{rel}","templated":true}]}}