{"id":9163,"date":"2020-01-22T14:02:35","date_gmt":"2020-01-22T20:02:35","guid":{"rendered":"http:\/\/elobservatorio.com.mx\/?p=9163"},"modified":"2020-01-22T14:14:11","modified_gmt":"2020-01-22T20:14:11","slug":"mauricio-clark-llega-a-su-tercer-cambio-cambia-de-nombre-y-se-despide-del-pasado","status":"publish","type":"post","link":"http:\/\/elobservatorio.com.mx\/?p=9163","title":{"rendered":"Mauricio Clark con cambio de nombre se \u00abdespide del pasado\u00bb"},"content":{"rendered":"<p><em>*El ex conductor honra a su padre a trav\u00e9s de su cuenta de Twitter cambiando el nombre a \u201cFranco Clark\u201d<\/em><\/p>\n<p><strong><a href=\"https:\/\/www.informador.mx\/mauricio-clark-t14745\" target=\"_blank\" rel=\"noopener noreferrer\">Mauricio Clark<\/a><\/strong>\u00a0primero se alej\u00f3 del mundo de las drogas, cerr\u00f3 su vida laboral como reportero de espect\u00e1culos, luego regres\u00f3 a ser heterosexual y le ofreci\u00f3 su vida a Dios,\u00a0<strong>ahora el ex comunicador anunci\u00f3 en su cuenta de Twitter que se cambia el nombre, para honrar a su padre.<\/strong><\/p>\n<p>As\u00ed es, el ex conductor de \u00abHoy\u00bb quiere quitarse karmas que va arrastrando desde hace mucho tiempo, as\u00ed que us\u00f3 de nueva cuenta su cuenta en dicha red del pajarito para anunciarle a sus seguidores que ya no ser\u00e1 m\u00e1s Mauricio sino Franco Clark.<\/p>\n<p>De hecho en el primer anuncio agradeci\u00f3 todo lo que su nombre (Mauricio) le dio y lo que le quit\u00f3,<strong>\u00a0pero sobre todo lo que le hizo pasar entre tropiezos y l\u00e1grimas.<\/strong><\/p>\n<p>https:\/\/www.instagram.com\/p\/B7lmScsph1I\/?utm_source=ig_embed<\/p>\n<p>Por supuesto y como ya se ha vuelto costumbre, Clark dividi\u00f3 opiniones, unos lo felicitaron por tal decisi\u00f3n,\u00a0<strong>mientras que otros se burlaron de \u00e9l.<\/strong><\/p>\n<p>\u00abMauricio, valent\u00eda para hacerlo y mucha, mucha valent\u00eda para decirlo. A varios de los que opinan les duele y no les interesa&#8230;\u00bb, \u00abFranco, mucha fortaleza\u00bb, \u00abBienvenido amigo Franco Clark, es un gusto conocerte\u00bb, fueron algunos de los que apoyan al ahora convertido en Cristo.<\/p>\n<p>\u00abCaray, qu\u00e9 pregunt\u00f3n amanec\u00ed\u00bb, \u00ab\u00bfTe vas a cambiar de sexo? \u00bfAhora ser\u00e1s Gloria?\u00bb, \u00abYa le peg\u00f3 la tacha otra vez\u00bb, entre otros m\u00e1s mensajes subidos de tono.<\/p>\n<p>Pero esto era s\u00f3lo una parte del anuncio, ya que ahora\u00a0<strong>Franco dio una explicaci\u00f3n del por qu\u00e9 dicho cambio.<\/strong><\/p>\n<p>https:\/\/www.instagram.com\/p\/B7l0lAmJuM3\/?utm_source=ig_embed<\/p>\n<p>Y nuevamente los comentarios divididos no se hicieron esperar. Unos le recordaron lo que dice la Biblia con respecto a honrar al padre y a la madre, otros lo felicitaron por \u00ababrazar\u00bb el nombre de una persona que odi\u00f3, pero que\u00a0<strong>ahora est\u00e1 en paz con \u00e9l y muchos m\u00e1s le aplaudieron su capacidad de perdonar.<\/strong><\/p>\n<p>Mientras que otros se mofaron e insultaron por medio de memes y gifs.<\/p>\n","protected":false},"excerpt":{"rendered":"<p>*El ex conductor honra a su padre a trav\u00e9s de su cuenta de Twitter cambiando el nombre a \u201cFranco Clark\u201d Mauricio Clark\u00a0primero se alej\u00f3 del mundo de las drogas, cerr\u00f3 su vida laboral como reportero de espect\u00e1culos, luego regres\u00f3 a ser heterosexual y le ofreci\u00f3 su vida a Dios,\u00a0ahora el ex comunicador anunci\u00f3 en su&#8230;<\/p>\n","protected":false},"author":2,"featured_media":9164,"comment_status":"open","ping_status":"open","sticky":false,"template":"","format":"standard","meta":{"footnotes":""},"categories":[32],"tags":[29,30,28],"class_list":["post-9163","post","type-post","status-publish","format-standard","has-post-thumbnail","hentry","category-escenario","tag-grid","tag-news","tag-slider"],"_links":{"self":[{"href":"http:\/\/elobservatorio.com.mx\/index.php?rest_route=\/wp\/v2\/posts\/9163"}],"collection":[{"href":"http:\/\/elobservatorio.com.mx\/index.php?rest_route=\/wp\/v2\/posts"}],"about":[{"href":"http:\/\/elobservatorio.com.mx\/index.php?rest_route=\/wp\/v2\/types\/post"}],"author":[{"embeddable":true,"href":"http:\/\/elobservatorio.com.mx\/index.php?rest_route=\/wp\/v2\/users\/2"}],"replies":[{"embeddable":true,"href":"http:\/\/elobservatorio.com.mx\/index.php?rest_route=%2Fwp%2Fv2%2Fcomments&post=9163"}],"version-history":[{"count":0,"href":"http:\/\/elobservatorio.com.mx\/index.php?rest_route=\/wp\/v2\/posts\/9163\/revisions"}],"wp:featuredmedia":[{"embeddable":true,"href":"http:\/\/elobservatorio.com.mx\/index.php?rest_route=\/wp\/v2\/media\/9164"}],"wp:attachment":[{"href":"http:\/\/elobservatorio.com.mx\/index.php?rest_route=%2Fwp%2Fv2%2Fmedia&parent=9163"}],"wp:term":[{"taxonomy":"category","embeddable":true,"href":"http:\/\/elobservatorio.com.mx\/index.php?rest_route=%2Fwp%2Fv2%2Fcategories&post=9163"},{"taxonomy":"post_tag","embeddable":true,"href":"http:\/\/elobservatorio.com.mx\/index.php?rest_route=%2Fwp%2Fv2%2Ftags&post=9163"}],"curies":[{"name":"wp","href":"https:\/\/api.w.org\/{rel}","templated":true}]}}