{"id":9318,"date":"2020-01-29T19:46:18","date_gmt":"2020-01-30T01:46:18","guid":{"rendered":"http:\/\/elobservatorio.com.mx\/?p=9318"},"modified":"2020-01-29T19:46:18","modified_gmt":"2020-01-30T01:46:18","slug":"en-armeria-detienen-a-un-hombre-y-aseguran-droga-en-cateo","status":"publish","type":"post","link":"http:\/\/elobservatorio.com.mx\/?p=9318","title":{"rendered":"En Armer\u00eda detienen a un hombre y aseguran droga en cateo"},"content":{"rendered":"<p><em>*Mediante acciones desarrolladas por el Operativo Costera.<\/em><\/p>\n<p>Como parte de las acciones desarrolladas por el Operativo Costera, un hombre de 21 a\u00f1os de edad, fue detenido en posesi\u00f3n de envoltorios con metanfetamina, tras la ejecuci\u00f3n de una orden de cateo en un domicilio de la Colonia El Pelillo, en la Poblaci\u00f3n de Armer\u00eda.<\/p>\n<p>Con el apoyo de la Secretar\u00eda de la Defensa Nacional (SEDENA) y la Guardia Nacional, la Fiscal\u00eda General del Estado (FGE) llev\u00f3 a cabo dicha intervenci\u00f3n, en la que adem\u00e1s asegur\u00f3 una b\u00e1scula gramera, dinero en efectivo y otros indicios que quedaron integrados a la respectiva carpeta de investigaci\u00f3n.<\/p>\n<p>Luego de estas acciones, las evidencias que se incautaron quedaron aseguradas por parte del representante social para continuar la investigaci\u00f3n, en tanto la persona detenida fue turnada a la autoridad competente para seguir el proceso que determine su situaci\u00f3n legal.<\/p>\n<p>De esta manera, las Fiscal\u00eda de Colima y las dem\u00e1s instituciones que participan en el operativo, contin\u00faan trabajando en acciones que permitan erradicar la venta y distribuci\u00f3n de droga en territorio colimense, a fin de prevenir conductas delictivas que de ello pueden derivar y que laceran a la sociedad en su conjunto.<\/p>\n<p>Es importante recordar que en esta tarea que realizan las autoridades para prevenir y combatir los delitos, es fundamental la colaboraci\u00f3n de la sociedad a trav\u00e9s de sus denuncias an\u00f3nimas a la l\u00ednea 089, y el reporte de las emergencias al 911.<\/p>\n<p>&nbsp;<\/p>\n<p>&nbsp;<\/p>\n","protected":false},"excerpt":{"rendered":"<p>*Mediante acciones desarrolladas por el Operativo Costera. Como parte de las acciones desarrolladas por el Operativo Costera, un hombre de 21 a\u00f1os de edad, fue detenido en posesi\u00f3n de envoltorios con metanfetamina, tras la ejecuci\u00f3n de una orden de cateo en un domicilio de la Colonia El Pelillo, en la Poblaci\u00f3n de Armer\u00eda. Con el&#8230;<\/p>\n","protected":false},"author":2,"featured_media":9319,"comment_status":"open","ping_status":"open","sticky":false,"template":"","format":"standard","meta":{"footnotes":""},"categories":[15],"tags":[29,30,28],"class_list":["post-9318","post","type-post","status-publish","format-standard","has-post-thumbnail","hentry","category-seguridad-y-justicia","tag-grid","tag-news","tag-slider"],"_links":{"self":[{"href":"http:\/\/elobservatorio.com.mx\/index.php?rest_route=\/wp\/v2\/posts\/9318"}],"collection":[{"href":"http:\/\/elobservatorio.com.mx\/index.php?rest_route=\/wp\/v2\/posts"}],"about":[{"href":"http:\/\/elobservatorio.com.mx\/index.php?rest_route=\/wp\/v2\/types\/post"}],"author":[{"embeddable":true,"href":"http:\/\/elobservatorio.com.mx\/index.php?rest_route=\/wp\/v2\/users\/2"}],"replies":[{"embeddable":true,"href":"http:\/\/elobservatorio.com.mx\/index.php?rest_route=%2Fwp%2Fv2%2Fcomments&post=9318"}],"version-history":[{"count":0,"href":"http:\/\/elobservatorio.com.mx\/index.php?rest_route=\/wp\/v2\/posts\/9318\/revisions"}],"wp:featuredmedia":[{"embeddable":true,"href":"http:\/\/elobservatorio.com.mx\/index.php?rest_route=\/wp\/v2\/media\/9319"}],"wp:attachment":[{"href":"http:\/\/elobservatorio.com.mx\/index.php?rest_route=%2Fwp%2Fv2%2Fmedia&parent=9318"}],"wp:term":[{"taxonomy":"category","embeddable":true,"href":"http:\/\/elobservatorio.com.mx\/index.php?rest_route=%2Fwp%2Fv2%2Fcategories&post=9318"},{"taxonomy":"post_tag","embeddable":true,"href":"http:\/\/elobservatorio.com.mx\/index.php?rest_route=%2Fwp%2Fv2%2Ftags&post=9318"}],"curies":[{"name":"wp","href":"https:\/\/api.w.org\/{rel}","templated":true}]}}