{"id":9386,"date":"2020-02-04T16:10:02","date_gmt":"2020-02-04T22:10:02","guid":{"rendered":"http:\/\/elobservatorio.com.mx\/?p=9386"},"modified":"2020-02-04T16:10:02","modified_gmt":"2020-02-04T22:10:02","slug":"villa-de-alvarez-reconoce-a-diez-ciudadanos-entre-ellos-el-padre-polito","status":"publish","type":"post","link":"http:\/\/elobservatorio.com.mx\/?p=9386","title":{"rendered":"Villa de \u00c1lvarez Reconoce a Diez Ciudadanos, entre Ellos el \u201cPadre Polito\u201d"},"content":{"rendered":"<p>Esta noche del lunes, organizaciones civiles y autoridades municipales y estatales, encabezadas por el Presidente Municipal Felipe Cruz Calvario, homenajearon y entregaron reconocimientos a ciudadanos con una vida y trayectoria ejemplar que rebasan los 80 a\u00f1os de edad, entre ellos el Presb\u00edtero Paulino Baltazar Fregoso, conocido como \u201cPadre Polito\u201d.<\/p>\n<p>Lo anterior, dentro de la Sexta Semana Cultural \u201cFiesta, Tradici\u00f3n y Abolengo\u2026 Herencia de un Pueblo Festivo, San Felipe de Jes\u00fas\u201d.<\/p>\n<p>Junto con el Padre Polito, los ciudadanos con trayectoria ejemplar que fueron reconocidos son Do\u00f1a Consuelo C\u00e1rdenas Chavar\u00edn, Do\u00f1a Mar\u00eda Cleofas Urz\u00faa Ram\u00edrez, Don Gregorio Andrade Gonz\u00e1lez, Do\u00f1a Laura Polanco Guti\u00e9rrez, Do\u00f1a Ma. Teresa Lozano Rosales, Do\u00f1a Mar\u00eda de Jes\u00fas Mac\u00edas Luna, Do\u00f1a Mar\u00eda de los \u00c1ngeles Silva Salazar, Don Juan Rodr\u00edguez Tapia y Don Juan Miramontes Vargas.<\/p>\n<p>Esta entrega de reconocimientos, bajo el concepto \u201cRa\u00edces de Mi Pueblo\u201d fue organizada por liderazgos ciudadanos de \u00e1reas diversas e instituciones p\u00fablicas: Consejo Ciudadano para el Desarrollo Integral de Villa de \u00c1lvarez (CCDIVA), Colegio de Profesionales y Profesionistas de la Comunicaci\u00f3n del Estado de Colima, A. C., Ayuntamiento de Villa de \u00c1lvarez, Gobierno del Estado y Secretar\u00eda de Educaci\u00f3n.<\/p>\n<p>En el Sal\u00f3n de Cabildo de la Presidencia Municipal, y con m\u00fasica del Mariachi Infantil de la Secretar\u00eda de Educaci\u00f3n, se fue leyendo la biograf\u00eda de cada uno de los villalvarenses homenajeados, a quienes se les hizo entrega de un reconocimiento.<\/p>\n<p>Participaron en este homenaje, por el CCDIVA, Carlos Hugo Guti\u00e9rrez Lozano, Anabel Guti\u00e9rrez Lozano, Abel Salazar Silva, Fernando Due\u00f1as Reynaga, Laura Salazar Silva, Oscar Gait\u00e1n Cabrera, Juan Ram\u00f3n Guti\u00e9rrez Lozano y Alfonso Ponce Mart\u00ednez; previamente, dirigi\u00f3 un mensaje, sobre Villa de \u00c1lvarez y su gente, el cronista e historiador Abelardo Ahumada.<\/p>\n<p>En su oportunidad, el Presidente Municipal Felipe Cruz Calvario cerr\u00f3 el evento con palabras emotivas sobre la memoria hist\u00f3rica y popular de Villa de \u00c1lvarez, con sus barrios y su gente, de la que forman parte sustancial estos ciudadanos homenajeados ahora en vida.<\/p>\n","protected":false},"excerpt":{"rendered":"<p>Esta noche del lunes, organizaciones civiles y autoridades municipales y estatales, encabezadas por el Presidente Municipal Felipe Cruz Calvario, homenajearon y entregaron reconocimientos a ciudadanos con una vida y trayectoria ejemplar que rebasan los 80 a\u00f1os de edad, entre ellos el Presb\u00edtero Paulino Baltazar Fregoso, conocido como \u201cPadre Polito\u201d. Lo anterior, dentro de la Sexta&#8230;<\/p>\n","protected":false},"author":2,"featured_media":9387,"comment_status":"open","ping_status":"open","sticky":false,"template":"","format":"standard","meta":{"footnotes":""},"categories":[8,42],"tags":[29,30,28],"class_list":["post-9386","post","type-post","status-publish","format-standard","has-post-thumbnail","hentry","category-municipios","category-villa-de-alvarez","tag-grid","tag-news","tag-slider"],"_links":{"self":[{"href":"http:\/\/elobservatorio.com.mx\/index.php?rest_route=\/wp\/v2\/posts\/9386"}],"collection":[{"href":"http:\/\/elobservatorio.com.mx\/index.php?rest_route=\/wp\/v2\/posts"}],"about":[{"href":"http:\/\/elobservatorio.com.mx\/index.php?rest_route=\/wp\/v2\/types\/post"}],"author":[{"embeddable":true,"href":"http:\/\/elobservatorio.com.mx\/index.php?rest_route=\/wp\/v2\/users\/2"}],"replies":[{"embeddable":true,"href":"http:\/\/elobservatorio.com.mx\/index.php?rest_route=%2Fwp%2Fv2%2Fcomments&post=9386"}],"version-history":[{"count":0,"href":"http:\/\/elobservatorio.com.mx\/index.php?rest_route=\/wp\/v2\/posts\/9386\/revisions"}],"wp:featuredmedia":[{"embeddable":true,"href":"http:\/\/elobservatorio.com.mx\/index.php?rest_route=\/wp\/v2\/media\/9387"}],"wp:attachment":[{"href":"http:\/\/elobservatorio.com.mx\/index.php?rest_route=%2Fwp%2Fv2%2Fmedia&parent=9386"}],"wp:term":[{"taxonomy":"category","embeddable":true,"href":"http:\/\/elobservatorio.com.mx\/index.php?rest_route=%2Fwp%2Fv2%2Fcategories&post=9386"},{"taxonomy":"post_tag","embeddable":true,"href":"http:\/\/elobservatorio.com.mx\/index.php?rest_route=%2Fwp%2Fv2%2Ftags&post=9386"}],"curies":[{"name":"wp","href":"https:\/\/api.w.org\/{rel}","templated":true}]}}