{"id":9436,"date":"2020-02-05T14:53:26","date_gmt":"2020-02-05T20:53:26","guid":{"rendered":"http:\/\/elobservatorio.com.mx\/?p=9436"},"modified":"2020-02-05T14:53:26","modified_gmt":"2020-02-05T20:53:26","slug":"asi-quedaria-la-escollera-de-las-brisas","status":"publish","type":"post","link":"http:\/\/elobservatorio.com.mx\/?p=9436","title":{"rendered":"As\u00ed quedar\u00eda la Escollera de las Brisas"},"content":{"rendered":"<p>Anil\u00fa Salazar Mej\u00eda<\/p>\n<p>Tal como en la fotograf\u00eda es c\u00f3mo quedar\u00e1 la Escollera de Las Brisas, en Manzanillo.<br \/>\nEn ella se aprecia parte de la jardiner\u00eda, el estilo y la disposici\u00f3n de las bancas, los dep\u00f3sitos de basura y unas estructuras \u201cmiradores\u201d escalonados que se pretende sirvan para tomas fotogr\u00e1ficas.<br \/>\nEl viernes a las 9:30 se realizar\u00e1 un recorrido para que se conozcan los avances que se tienen en v\u00edsperas de la terminaci\u00f3n de los trabajos.<\/p>\n","protected":false},"excerpt":{"rendered":"<p>Anil\u00fa Salazar Mej\u00eda Tal como en la fotograf\u00eda es c\u00f3mo quedar\u00e1 la Escollera de Las Brisas, en Manzanillo. En ella se aprecia parte de la jardiner\u00eda, el estilo y la disposici\u00f3n de las bancas, los dep\u00f3sitos de basura y unas estructuras \u201cmiradores\u201d escalonados que se pretende sirvan para tomas fotogr\u00e1ficas. El viernes a las 9:30&#8230;<\/p>\n","protected":false},"author":2,"featured_media":9437,"comment_status":"open","ping_status":"open","sticky":false,"template":"","format":"standard","meta":{"footnotes":""},"categories":[19],"tags":[29,30,28],"class_list":["post-9436","post","type-post","status-publish","format-standard","has-post-thumbnail","hentry","category-fotonotas","tag-grid","tag-news","tag-slider"],"_links":{"self":[{"href":"http:\/\/elobservatorio.com.mx\/index.php?rest_route=\/wp\/v2\/posts\/9436"}],"collection":[{"href":"http:\/\/elobservatorio.com.mx\/index.php?rest_route=\/wp\/v2\/posts"}],"about":[{"href":"http:\/\/elobservatorio.com.mx\/index.php?rest_route=\/wp\/v2\/types\/post"}],"author":[{"embeddable":true,"href":"http:\/\/elobservatorio.com.mx\/index.php?rest_route=\/wp\/v2\/users\/2"}],"replies":[{"embeddable":true,"href":"http:\/\/elobservatorio.com.mx\/index.php?rest_route=%2Fwp%2Fv2%2Fcomments&post=9436"}],"version-history":[{"count":0,"href":"http:\/\/elobservatorio.com.mx\/index.php?rest_route=\/wp\/v2\/posts\/9436\/revisions"}],"wp:featuredmedia":[{"embeddable":true,"href":"http:\/\/elobservatorio.com.mx\/index.php?rest_route=\/wp\/v2\/media\/9437"}],"wp:attachment":[{"href":"http:\/\/elobservatorio.com.mx\/index.php?rest_route=%2Fwp%2Fv2%2Fmedia&parent=9436"}],"wp:term":[{"taxonomy":"category","embeddable":true,"href":"http:\/\/elobservatorio.com.mx\/index.php?rest_route=%2Fwp%2Fv2%2Fcategories&post=9436"},{"taxonomy":"post_tag","embeddable":true,"href":"http:\/\/elobservatorio.com.mx\/index.php?rest_route=%2Fwp%2Fv2%2Ftags&post=9436"}],"curies":[{"name":"wp","href":"https:\/\/api.w.org\/{rel}","templated":true}]}}