{"id":9442,"date":"2020-02-05T15:17:47","date_gmt":"2020-02-05T21:17:47","guid":{"rendered":"http:\/\/elobservatorio.com.mx\/?p=9442"},"modified":"2020-02-05T15:17:47","modified_gmt":"2020-02-05T21:17:47","slug":"lo-capturan-con-los-tubos-de-cobre-que-intentaba-robar-de-una-vivienda","status":"publish","type":"post","link":"http:\/\/elobservatorio.com.mx\/?p=9442","title":{"rendered":"Lo capturan con los tubos de cobre que intentaba robar de una vivienda"},"content":{"rendered":"<p><em>*Fue sorprendido en un inmueble de la Colonia La Popular.\u00a0<\/em><\/p>\n<p>Qued\u00f3 en prisi\u00f3n preventiva en el CERESO de Colima, un sujeto que la semana pasada fue sorprendido cuando robaba tubos de cobre en un inmueble que es propiedad de la Secretar\u00eda de Salud del Estado.<\/p>\n<p>Se trata de un hombre de 25 a\u00f1os de edad, que en la audiencia inicial fue vinculado a proceso por el delito de robo en grado de tentativa, ocurrido en un domicilio de la Colonia La Popular, en la Ciudad de Colima.<\/p>\n<p>De esta manera la Fiscal\u00eda General del Estado (FGE) siguen trabajando en el combate a la delincuencia, a fin de evitar que el patrimonio de los ciudadanos, de las Instituciones y de las empresas que operan en la entidad se vea afectado.<\/p>\n<p>Por lo anterior, se exhorta nuevamente a la sociedad para que presente sus denuncias de forma an\u00f3nima a la l\u00ednea 089 y reporte las emergencias al 911, toda vez que la informaci\u00f3n que comparte la sociedad a sus autoridades, representa un gran apoyo para las actividades que desarrollan las instituciones.<\/p>\n<p>&nbsp;<\/p>\n","protected":false},"excerpt":{"rendered":"<p>*Fue sorprendido en un inmueble de la Colonia La Popular.\u00a0 Qued\u00f3 en prisi\u00f3n preventiva en el CERESO de Colima, un sujeto que la semana pasada fue sorprendido cuando robaba tubos de cobre en un inmueble que es propiedad de la Secretar\u00eda de Salud del Estado. Se trata de un hombre de 25 a\u00f1os de edad,&#8230;<\/p>\n","protected":false},"author":2,"featured_media":9443,"comment_status":"open","ping_status":"open","sticky":false,"template":"","format":"standard","meta":{"footnotes":""},"categories":[15],"tags":[29,30,28],"class_list":["post-9442","post","type-post","status-publish","format-standard","has-post-thumbnail","hentry","category-seguridad-y-justicia","tag-grid","tag-news","tag-slider"],"_links":{"self":[{"href":"http:\/\/elobservatorio.com.mx\/index.php?rest_route=\/wp\/v2\/posts\/9442"}],"collection":[{"href":"http:\/\/elobservatorio.com.mx\/index.php?rest_route=\/wp\/v2\/posts"}],"about":[{"href":"http:\/\/elobservatorio.com.mx\/index.php?rest_route=\/wp\/v2\/types\/post"}],"author":[{"embeddable":true,"href":"http:\/\/elobservatorio.com.mx\/index.php?rest_route=\/wp\/v2\/users\/2"}],"replies":[{"embeddable":true,"href":"http:\/\/elobservatorio.com.mx\/index.php?rest_route=%2Fwp%2Fv2%2Fcomments&post=9442"}],"version-history":[{"count":0,"href":"http:\/\/elobservatorio.com.mx\/index.php?rest_route=\/wp\/v2\/posts\/9442\/revisions"}],"wp:featuredmedia":[{"embeddable":true,"href":"http:\/\/elobservatorio.com.mx\/index.php?rest_route=\/wp\/v2\/media\/9443"}],"wp:attachment":[{"href":"http:\/\/elobservatorio.com.mx\/index.php?rest_route=%2Fwp%2Fv2%2Fmedia&parent=9442"}],"wp:term":[{"taxonomy":"category","embeddable":true,"href":"http:\/\/elobservatorio.com.mx\/index.php?rest_route=%2Fwp%2Fv2%2Fcategories&post=9442"},{"taxonomy":"post_tag","embeddable":true,"href":"http:\/\/elobservatorio.com.mx\/index.php?rest_route=%2Fwp%2Fv2%2Ftags&post=9442"}],"curies":[{"name":"wp","href":"https:\/\/api.w.org\/{rel}","templated":true}]}}