{"id":9492,"date":"2020-02-10T13:49:39","date_gmt":"2020-02-10T19:49:39","guid":{"rendered":"http:\/\/elobservatorio.com.mx\/?p=9492"},"modified":"2020-02-10T13:50:53","modified_gmt":"2020-02-10T19:50:53","slug":"realiza-el-pri-sus-elecciones-internas-en-tres-municipios","status":"publish","type":"post","link":"http:\/\/elobservatorio.com.mx\/?p=9492","title":{"rendered":"Realiza el PRI elecciones internas en tres municipios"},"content":{"rendered":"<div class=\"x_gmail_quote\">\n<div dir=\"ltr\">\n<p class=\"x_MsoNormal\" align=\"left\"><em><span lang=\"ES\">*En \u00a0Armer\u00eda triunfan Faustino Guti\u00e9rrez y Beatriz P\u00e9rez, <\/span><span lang=\"ES\">En Ixtlahuac\u00e1n Gabriela Alejandra V\u00e1zquez y Jonatan Olivares y <\/span><span lang=\"ES\">en Villa de \u00c1lvarez, Sergio Rodr\u00edguez y Karla Verduzco<\/span><\/em><\/p>\n<p class=\"x_MsoNormal\" align=\"left\"><b><span lang=\"ES\">\u00a0<\/span><\/b><b><span lang=\"ES\">Colima, Col., 09 de febrero de 2020.-<\/span><\/b><span lang=\"ES\">\u00a0\u00a0La Comisi\u00f3n Estatal de Procesos Internos que preside Perla Ju\u00e1rez \u00a0\u00a0Gallardo dio a conocer el conteo preliminar de votos de la jornada electiva para definir a las dirigencias municipales en la que se perfilan como triunfadores: en Armer\u00eda, Faustino Guti\u00e9rrez Zamora y Beatriz P\u00e9rez Gonz\u00e1lez; por Ixtlahuac\u00e1n, Gabriela Alejandra V\u00e1zquez Guti\u00e9rrez y Jonatan Abel Olivares Acevedo; y por Villa de \u00c1lvarez, Sergio Rodr\u00edguez Ceja y Karla Karina Verduzco Ontiveros.<\/span><\/p>\n<p class=\"x_MsoNormal\"><span lang=\"ES\">\u00a0<\/span><span lang=\"ES\">En Armer\u00eda, la planilla encabezada por Faustino Guti\u00e9rrez y Beatriz P\u00e9rez \u00a0alcanz\u00f3 681 votos, mientras que la planilla de Trinidad Loza V\u00e1zquez y Miriam Ram\u00edrez, obtuvo 414.<\/span><\/p>\n<p class=\"x_MsoNormal\"><span lang=\"ES\">\u00a0<\/span><span lang=\"ES\">En Ixtlahuac\u00e1n, la planilla que encabeza Gabriela V\u00e1zquez y Jonatan Olivares, obtuvo 352 sufragios, por 72 de Flor V\u00e1zquez y Pedro \u00c1lvarez.<\/span><\/p>\n<p class=\"x_MsoNormal\"><span lang=\"ES\">\u00a0<\/span><span lang=\"ES\">Asimismo, en Villa de \u00c1lvarez, la planilla de Sergio Rodr\u00edguez y Karla Verduzco lograron 231 votos, mientras que Desiderio Contreras y Miriam Rojas, obtuvieron 141.<\/span><\/p>\n<p class=\"x_MsoNormal\"><span lang=\"ES\">\u00a0<\/span><span lang=\"ES\">Cabe se\u00f1alar que la Comisi\u00f3n Estatal de Procesos Internos emitir\u00e1 la declaraci\u00f3n de validez del proceso y har\u00e1 la entrega de las constancias respectivas, el pr\u00f3ximo mi\u00e9rcoles 12 de febrero.\u00a0<\/span><\/p>\n<div id='gallery-1' class='gallery galleryid-9492 gallery-columns-3 gallery-size-large'><figure class='gallery-item'>\n\t\t\t<div class='gallery-icon landscape'>\n\t\t\t\t<a href='http:\/\/elobservatorio.com.mx\/?attachment_id=9494'><img loading=\"lazy\" decoding=\"async\" width=\"640\" height=\"426\" src=\"http:\/\/elobservatorio.com.mx\/wp-content\/uploads\/2020\/02\/planilla-de-mayoria-en-armeria.jpg\" class=\"attachment-large size-large\" alt=\"\" aria-describedby=\"gallery-1-9494\" srcset=\"http:\/\/elobservatorio.com.mx\/wp-content\/uploads\/2020\/02\/planilla-de-mayoria-en-armeria.jpg 800w, http:\/\/elobservatorio.com.mx\/wp-content\/uploads\/2020\/02\/planilla-de-mayoria-en-armeria-300x200.jpg 300w, http:\/\/elobservatorio.com.mx\/wp-content\/uploads\/2020\/02\/planilla-de-mayoria-en-armeria-768x512.jpg 768w, http:\/\/elobservatorio.com.mx\/wp-content\/uploads\/2020\/02\/planilla-de-mayoria-en-armeria-600x400.jpg 600w\" sizes=\"(max-width: 640px) 100vw, 640px\" \/><\/a>\n\t\t\t<\/div>\n\t\t\t\t<figcaption class='wp-caption-text gallery-caption' id='gallery-1-9494'>\n\t\t\t\tPLANILLA DE MAYOR\u00cdA EN ARMER\u00cdA\n\t\t\t\t<\/figcaption><\/figure><figure class='gallery-item'>\n\t\t\t<div class='gallery-icon portrait'>\n\t\t\t\t<a href='http:\/\/elobservatorio.com.mx\/?attachment_id=9495'><img loading=\"lazy\" decoding=\"async\" width=\"506\" height=\"900\" src=\"http:\/\/elobservatorio.com.mx\/wp-content\/uploads\/2020\/02\/planilla-mayoria-votos-villa-de-alvarez.jpeg\" class=\"attachment-large size-large\" alt=\"\" aria-describedby=\"gallery-1-9495\" srcset=\"http:\/\/elobservatorio.com.mx\/wp-content\/uploads\/2020\/02\/planilla-mayoria-votos-villa-de-alvarez.jpeg 506w, http:\/\/elobservatorio.com.mx\/wp-content\/uploads\/2020\/02\/planilla-mayoria-votos-villa-de-alvarez-169x300.jpeg 169w\" sizes=\"(max-width: 506px) 100vw, 506px\" \/><\/a>\n\t\t\t<\/div>\n\t\t\t\t<figcaption class='wp-caption-text gallery-caption' id='gallery-1-9495'>\n\t\t\t\tPlanilla Mayor\u00eda Votos Villa de \u00c1lvarez\n\t\t\t\t<\/figcaption><\/figure><figure class='gallery-item'>\n\t\t\t<div class='gallery-icon landscape'>\n\t\t\t\t<a href='http:\/\/elobservatorio.com.mx\/?attachment_id=9493'><img loading=\"lazy\" decoding=\"async\" width=\"640\" height=\"463\" src=\"http:\/\/elobservatorio.com.mx\/wp-content\/uploads\/2020\/02\/planilla-de-mayoria-en-ixtlahuacan.jpeg\" class=\"attachment-large size-large\" alt=\"\" aria-describedby=\"gallery-1-9493\" srcset=\"http:\/\/elobservatorio.com.mx\/wp-content\/uploads\/2020\/02\/planilla-de-mayoria-en-ixtlahuacan.jpeg 900w, http:\/\/elobservatorio.com.mx\/wp-content\/uploads\/2020\/02\/planilla-de-mayoria-en-ixtlahuacan-300x217.jpeg 300w, http:\/\/elobservatorio.com.mx\/wp-content\/uploads\/2020\/02\/planilla-de-mayoria-en-ixtlahuacan-768x556.jpeg 768w, http:\/\/elobservatorio.com.mx\/wp-content\/uploads\/2020\/02\/planilla-de-mayoria-en-ixtlahuacan-510x369.jpeg 510w\" sizes=\"(max-width: 640px) 100vw, 640px\" \/><\/a>\n\t\t\t<\/div>\n\t\t\t\t<figcaption class='wp-caption-text gallery-caption' id='gallery-1-9493'>\n\t\t\t\tPLANILLA DE MAYOR\u00cdA EN  IXTLAHUAC\u00c1N\n\t\t\t\t<\/figcaption><\/figure>\n\t\t<\/div>\n\n<\/div>\n<\/div>\n","protected":false},"excerpt":{"rendered":"<p>*En \u00a0Armer\u00eda triunfan Faustino Guti\u00e9rrez y Beatriz P\u00e9rez, En Ixtlahuac\u00e1n Gabriela Alejandra V\u00e1zquez y Jonatan Olivares y en Villa de \u00c1lvarez, Sergio Rodr\u00edguez y Karla Verduzco \u00a0Colima, Col., 09 de febrero de 2020.-\u00a0\u00a0La Comisi\u00f3n Estatal de Procesos Internos que preside Perla Ju\u00e1rez \u00a0\u00a0Gallardo dio a conocer el conteo preliminar de votos de la jornada electiva&#8230;<\/p>\n","protected":false},"author":2,"featured_media":9493,"comment_status":"open","ping_status":"open","sticky":false,"template":"","format":"standard","meta":{"footnotes":""},"categories":[10],"tags":[29,30,28],"class_list":["post-9492","post","type-post","status-publish","format-standard","has-post-thumbnail","hentry","category-politica","tag-grid","tag-news","tag-slider"],"_links":{"self":[{"href":"http:\/\/elobservatorio.com.mx\/index.php?rest_route=\/wp\/v2\/posts\/9492"}],"collection":[{"href":"http:\/\/elobservatorio.com.mx\/index.php?rest_route=\/wp\/v2\/posts"}],"about":[{"href":"http:\/\/elobservatorio.com.mx\/index.php?rest_route=\/wp\/v2\/types\/post"}],"author":[{"embeddable":true,"href":"http:\/\/elobservatorio.com.mx\/index.php?rest_route=\/wp\/v2\/users\/2"}],"replies":[{"embeddable":true,"href":"http:\/\/elobservatorio.com.mx\/index.php?rest_route=%2Fwp%2Fv2%2Fcomments&post=9492"}],"version-history":[{"count":0,"href":"http:\/\/elobservatorio.com.mx\/index.php?rest_route=\/wp\/v2\/posts\/9492\/revisions"}],"wp:featuredmedia":[{"embeddable":true,"href":"http:\/\/elobservatorio.com.mx\/index.php?rest_route=\/wp\/v2\/media\/9493"}],"wp:attachment":[{"href":"http:\/\/elobservatorio.com.mx\/index.php?rest_route=%2Fwp%2Fv2%2Fmedia&parent=9492"}],"wp:term":[{"taxonomy":"category","embeddable":true,"href":"http:\/\/elobservatorio.com.mx\/index.php?rest_route=%2Fwp%2Fv2%2Fcategories&post=9492"},{"taxonomy":"post_tag","embeddable":true,"href":"http:\/\/elobservatorio.com.mx\/index.php?rest_route=%2Fwp%2Fv2%2Ftags&post=9492"}],"curies":[{"name":"wp","href":"https:\/\/api.w.org\/{rel}","templated":true}]}}