{"id":9518,"date":"2020-02-10T16:18:58","date_gmt":"2020-02-10T22:18:58","guid":{"rendered":"http:\/\/elobservatorio.com.mx\/?p=9518"},"modified":"2020-02-10T16:18:58","modified_gmt":"2020-02-10T22:18:58","slug":"presentan-programa-para-el-carnaval-cultural-armeria-2020","status":"publish","type":"post","link":"http:\/\/elobservatorio.com.mx\/?p=9518","title":{"rendered":"Presentan programa para el Carnaval Cultural Armer\u00eda 2020"},"content":{"rendered":"<p>Armer\u00eda. El presidente municipal Salvador Bueno Arceo dio a conocer que los eventos y actividades culturales que se llevar\u00e1n a cabo con motivo del Carnaval Cultural Armer\u00eda 2020, se llevara a cabo del 22 al 25 de febrero en la cabecera municipal.<\/p>\n<p>Acompa\u00f1ado por integrantes del comit\u00e9 organizador del carnaval, el alcalde dijo que para el d\u00eda 22 tienen programado el evento; Cultura Urbana, en la explanada de la presidencia municipal, a las seis de la tarde, donde se presentar\u00e1n dos grupos durante esa tarde.<\/p>\n<p>Asimismo, dijo que para el d\u00eda 23 tienen programada la presentaci\u00f3n de la banda sinf\u00f3nica del gobierno del estado, \u00abadem\u00e1s de la quema del mal humor y la coronaci\u00f3n de la Reyna del Carnaval y del Rey de la Alegr\u00eda, as\u00ed como la inauguraci\u00f3n de exposiciones del orgullo armeritense, todo a partir de las seis y media de la tarde..<\/p>\n<p>Bueno Arceo agreg\u00f3 que el lunes 24 de febrero se realizar\u00e1n actividades para los ni\u00f1os, con el festival infantil; esto, en la explanada de la presidencia municipal a las seis de la tarde, \u00abdonde tendremos diversos concursos para todos los ni\u00f1os\u00bb.<\/p>\n<p>Por \u00faltimo, Salvador Bueno dijo que el desfile del carnaval se realizar\u00e1 el martes 25 y arrancar\u00e1 desde las instalaciones de la Casa de la Cultura, recorrer\u00e1 las principales avenidas de la cabecera municipal, hasta terminar en la explanada de la presidencia municipal.<\/p>\n","protected":false},"excerpt":{"rendered":"<p>Armer\u00eda. El presidente municipal Salvador Bueno Arceo dio a conocer que los eventos y actividades culturales que se llevar\u00e1n a cabo con motivo del Carnaval Cultural Armer\u00eda 2020, se llevara a cabo del 22 al 25 de febrero en la cabecera municipal. Acompa\u00f1ado por integrantes del comit\u00e9 organizador del carnaval, el alcalde dijo que para&#8230;<\/p>\n","protected":false},"author":2,"featured_media":9519,"comment_status":"open","ping_status":"open","sticky":false,"template":"","format":"standard","meta":{"footnotes":""},"categories":[33,8],"tags":[29,30,28],"class_list":["post-9518","post","type-post","status-publish","format-standard","has-post-thumbnail","hentry","category-armeria","category-municipios","tag-grid","tag-news","tag-slider"],"_links":{"self":[{"href":"http:\/\/elobservatorio.com.mx\/index.php?rest_route=\/wp\/v2\/posts\/9518"}],"collection":[{"href":"http:\/\/elobservatorio.com.mx\/index.php?rest_route=\/wp\/v2\/posts"}],"about":[{"href":"http:\/\/elobservatorio.com.mx\/index.php?rest_route=\/wp\/v2\/types\/post"}],"author":[{"embeddable":true,"href":"http:\/\/elobservatorio.com.mx\/index.php?rest_route=\/wp\/v2\/users\/2"}],"replies":[{"embeddable":true,"href":"http:\/\/elobservatorio.com.mx\/index.php?rest_route=%2Fwp%2Fv2%2Fcomments&post=9518"}],"version-history":[{"count":0,"href":"http:\/\/elobservatorio.com.mx\/index.php?rest_route=\/wp\/v2\/posts\/9518\/revisions"}],"wp:featuredmedia":[{"embeddable":true,"href":"http:\/\/elobservatorio.com.mx\/index.php?rest_route=\/wp\/v2\/media\/9519"}],"wp:attachment":[{"href":"http:\/\/elobservatorio.com.mx\/index.php?rest_route=%2Fwp%2Fv2%2Fmedia&parent=9518"}],"wp:term":[{"taxonomy":"category","embeddable":true,"href":"http:\/\/elobservatorio.com.mx\/index.php?rest_route=%2Fwp%2Fv2%2Fcategories&post=9518"},{"taxonomy":"post_tag","embeddable":true,"href":"http:\/\/elobservatorio.com.mx\/index.php?rest_route=%2Fwp%2Fv2%2Ftags&post=9518"}],"curies":[{"name":"wp","href":"https:\/\/api.w.org\/{rel}","templated":true}]}}