{"id":952,"date":"2018-12-04T21:55:32","date_gmt":"2018-12-04T21:55:32","guid":{"rendered":"http:\/\/elobservatorio.com.mx\/se-viraliza-imagen-de-juan-gabriel-que-%e2%80%98prueba%e2%80%99-que-esta-vivo"},"modified":"2018-12-04T21:55:32","modified_gmt":"2018-12-04T21:55:32","slug":"se-viraliza-imagen-de-juan-gabriel-que-%e2%80%98prueba%e2%80%99-que-esta-vivo","status":"publish","type":"post","link":"http:\/\/elobservatorio.com.mx\/?p=952","title":{"rendered":"Se viraliza imagen de Juan Gabriel que \u2018prueba\u2019 que est\u00e1 vivo"},"content":{"rendered":"<p><em>*En la imagen parece el supuesto cantante de espaldas y un comedor; su ex representante asegura que no tarda en regresar<\/em><\/p>\n<p><b>Ciudad de M\u00e9xico.-\u00a0<\/b>Se viraliz\u00f3 una foto in\u00e9dita que afirma el cantante Juan Gabriel est\u00e1 vivo; la instant\u00e1nea fue recibida por la periodista Martha Figueroa a trav\u00e9s de WhatsApp.<\/p>\n<p>En la imagen aparece el supuesto cantante de espaldas vestido con un traje color blanco, y al fondo se aprecia un comedor oscuro.<\/p>\n<p>Al respecto, Joaqu\u00edn Mu\u00f1oz, ex representante, reiter\u00f3 que el cantante est\u00e1 vivo y reaparecer\u00eda este mes de diciembre.<\/p>\n<p>Hay que recordar que Mu\u00f1oz asegura que el cantante simul\u00f3 su muerte y que no est\u00e1 escondido porque no ha matado ni es narcotraficante sino que est\u00e1 en una casa, perfectamente bien.<\/p>\n<p>Asimismo, es importante mencionar que el periodista de espect\u00e1culos Jorge Carbajal asegur\u00f3 que tambi\u00e9n con \u00e9l tiene contacto Juan Gabriel y afirma que el cantante se fue a Morelos, huyendo de California, luego de su supuesta muerte.<\/p>\n<p><img loading=\"lazy\" decoding=\"async\" class=\"alignnone size-medium wp-image-953\" src=\"http:\/\/noticiastecoman.com.mx\/wp-content\/uploads\/2018\/12\/juanga1-245x300.jpg\" alt=\"\" width=\"245\" height=\"300\" srcset=\"http:\/\/elobservatorio.com.mx\/wp-content\/uploads\/2018\/12\/juanga1-245x300.jpg 245w, http:\/\/elobservatorio.com.mx\/wp-content\/uploads\/2018\/12\/juanga1.jpg 524w\" sizes=\"(max-width: 245px) 100vw, 245px\" \/><\/p>\n<p><em>Con informaci\u00f3n de zocalo.com.mx<\/em><\/p>\n","protected":false},"excerpt":{"rendered":"<p>*En la imagen parece el supuesto cantante de espaldas y un comedor; su ex representante asegura que no tarda en regresar Ciudad de M\u00e9xico.-\u00a0Se viraliz\u00f3 una foto in\u00e9dita que afirma el cantante Juan Gabriel est\u00e1 vivo; la instant\u00e1nea fue recibida por la periodista Martha Figueroa a trav\u00e9s de WhatsApp. En la imagen aparece el supuesto&#8230;<\/p>\n","protected":false},"author":2,"featured_media":954,"comment_status":"open","ping_status":"open","sticky":false,"template":"","format":"standard","meta":{"footnotes":""},"categories":[32],"tags":[29,30,28],"class_list":["post-952","post","type-post","status-publish","format-standard","has-post-thumbnail","hentry","category-escenario","tag-grid","tag-news","tag-slider"],"_links":{"self":[{"href":"http:\/\/elobservatorio.com.mx\/index.php?rest_route=\/wp\/v2\/posts\/952"}],"collection":[{"href":"http:\/\/elobservatorio.com.mx\/index.php?rest_route=\/wp\/v2\/posts"}],"about":[{"href":"http:\/\/elobservatorio.com.mx\/index.php?rest_route=\/wp\/v2\/types\/post"}],"author":[{"embeddable":true,"href":"http:\/\/elobservatorio.com.mx\/index.php?rest_route=\/wp\/v2\/users\/2"}],"replies":[{"embeddable":true,"href":"http:\/\/elobservatorio.com.mx\/index.php?rest_route=%2Fwp%2Fv2%2Fcomments&post=952"}],"version-history":[{"count":0,"href":"http:\/\/elobservatorio.com.mx\/index.php?rest_route=\/wp\/v2\/posts\/952\/revisions"}],"wp:featuredmedia":[{"embeddable":true,"href":"http:\/\/elobservatorio.com.mx\/index.php?rest_route=\/wp\/v2\/media\/954"}],"wp:attachment":[{"href":"http:\/\/elobservatorio.com.mx\/index.php?rest_route=%2Fwp%2Fv2%2Fmedia&parent=952"}],"wp:term":[{"taxonomy":"category","embeddable":true,"href":"http:\/\/elobservatorio.com.mx\/index.php?rest_route=%2Fwp%2Fv2%2Fcategories&post=952"},{"taxonomy":"post_tag","embeddable":true,"href":"http:\/\/elobservatorio.com.mx\/index.php?rest_route=%2Fwp%2Fv2%2Ftags&post=952"}],"curies":[{"name":"wp","href":"https:\/\/api.w.org\/{rel}","templated":true}]}}