{"id":962,"date":"2018-12-05T01:02:09","date_gmt":"2018-12-05T01:02:09","guid":{"rendered":"http:\/\/elobservatorio.com.mx\/felipe-cruz-y-presidente-de-la-cedh-acuerdan-promover-los-derechos-humanos"},"modified":"2018-12-05T01:02:09","modified_gmt":"2018-12-05T01:02:09","slug":"felipe-cruz-y-presidente-de-la-cedh-acuerdan-promover-los-derechos-humanos","status":"publish","type":"post","link":"http:\/\/elobservatorio.com.mx\/?p=962","title":{"rendered":"Felipe Cruz y Presidente de la CEDH Acuerdan Promover los Derechos Humanos"},"content":{"rendered":"<p><em>*El alcalde tambi\u00e9n recibi\u00f3 la visita de director y maestros del Tecnol\u00f3gico Regional de Colima, y de directivos e integrantes de la Federaci\u00f3n de Egresados de la Universidad de Colima<\/em><\/p>\n<p>El alcalde de Villa de \u00c1lvarez, Felipe Cruz Calvario, y el Presidente de la Comisi\u00f3n Estatal de los Derechos Humanos, Hermilo Sabino Flores Arias, acordaron promover y defender los derechos humanos en bien de los ciudadanos villalvarenses.<\/p>\n<p>Durante una visita del titular de la CEDH al edil villalvarense, ambos iniciaron con la colocaci\u00f3n de carteles en el edificio de la Presidencia Municipal, en los que se informa y orienta a los ciudadanos en torno de estos derechos, expresaron su disposici\u00f3n a trabajar en Villa de \u00c1lvarez con el objetivo de generar una mejor cultura sobre el tema, a fin de garantizar los derechos que, por ley, corresponden a los ciudadanos y sus familias.<\/p>\n<p>En esta reuni\u00f3n Cruz Calvario y Flores Arias fueron acompa\u00f1ados por la regidora Mayr\u00e9n Polanco Gayt\u00e1n y Armida Zepeda Mesina, Secretaria Ejecutiva y T\u00e9cnica del Consejo de la CEDH.<\/p>\n<p><strong>COMUNIDAD TECNOL\u00d3GTICA Y PROYECTO ECOL\u00d3GICO PARA VILLA DE \u00c1LVAREZ<\/strong><\/p>\n<p>En otra actividad de agenda, Felipe Cruz recibi\u00f3 en su oficina al director del Tecnol\u00f3gico Regional de Colima, Saturnino Castro Reyes, y a los maestros Catalina Rodr\u00edguez L\u00f3pez, In\u00e9s Zazueta Guti\u00e9rrez y Jos\u00e9 Luis Rocha P\u00e9rez, quienes presentaron al alcalde un proyecto ecol\u00f3gico para el municipio, tomando como punto de partida la colonia Lomas Altas, donde maestros y alumnos de esa instituci\u00f3n han venido desarrollando un jard\u00edn sustentable.<\/p>\n<p>\u00abSomos un equipo con el alcalde Felipe Cruz, y nos sumamos por el bien de Villa de \u00c1lvarez\u00bb, expresaron los acad\u00e9micos del Tecnol\u00f3gico de Colima.<\/p>\n<p><strong>INTEGRANTES DE LA FEDERACI\u00d3N DE EGRESADOS DE LA UNIVERSIDAD DE COLIMA VISITAN A FELIPE CRUZ<\/strong><\/p>\n<p>Una actividad m\u00e1s durante este d\u00eda martes fue la visita de integrantes de la Federaci\u00f3n de Egresados de la Universidad de Colima, con el objetivo de sumarse al proyecto de los villalvarenses, en coordinaci\u00f3n con la comuna.<\/p>\n<p>Ciria Salzar, en compa\u00f1\u00eda de profesionistas destacados en el estado de Colima, en las \u00e1reas contable, pol\u00edtica, de derechos humanos y la abogac\u00eda, agradeci\u00f3 el gesto de cortes\u00eda del edil villalvarense, quien estuvo acompa\u00f1ado por su esposa y Presidenta del DIF Municipal, Patricia Ceballos Polanco.<\/p>\n","protected":false},"excerpt":{"rendered":"<p>*El alcalde tambi\u00e9n recibi\u00f3 la visita de director y maestros del Tecnol\u00f3gico Regional de Colima, y de directivos e integrantes de la Federaci\u00f3n de Egresados de la Universidad de Colima El alcalde de Villa de \u00c1lvarez, Felipe Cruz Calvario, y el Presidente de la Comisi\u00f3n Estatal de los Derechos Humanos, Hermilo Sabino Flores Arias, acordaron&#8230;<\/p>\n","protected":false},"author":2,"featured_media":963,"comment_status":"open","ping_status":"open","sticky":false,"template":"","format":"standard","meta":{"footnotes":""},"categories":[8,42],"tags":[29,30,28],"class_list":["post-962","post","type-post","status-publish","format-standard","has-post-thumbnail","hentry","category-municipios","category-villa-de-alvarez","tag-grid","tag-news","tag-slider"],"_links":{"self":[{"href":"http:\/\/elobservatorio.com.mx\/index.php?rest_route=\/wp\/v2\/posts\/962"}],"collection":[{"href":"http:\/\/elobservatorio.com.mx\/index.php?rest_route=\/wp\/v2\/posts"}],"about":[{"href":"http:\/\/elobservatorio.com.mx\/index.php?rest_route=\/wp\/v2\/types\/post"}],"author":[{"embeddable":true,"href":"http:\/\/elobservatorio.com.mx\/index.php?rest_route=\/wp\/v2\/users\/2"}],"replies":[{"embeddable":true,"href":"http:\/\/elobservatorio.com.mx\/index.php?rest_route=%2Fwp%2Fv2%2Fcomments&post=962"}],"version-history":[{"count":0,"href":"http:\/\/elobservatorio.com.mx\/index.php?rest_route=\/wp\/v2\/posts\/962\/revisions"}],"wp:featuredmedia":[{"embeddable":true,"href":"http:\/\/elobservatorio.com.mx\/index.php?rest_route=\/wp\/v2\/media\/963"}],"wp:attachment":[{"href":"http:\/\/elobservatorio.com.mx\/index.php?rest_route=%2Fwp%2Fv2%2Fmedia&parent=962"}],"wp:term":[{"taxonomy":"category","embeddable":true,"href":"http:\/\/elobservatorio.com.mx\/index.php?rest_route=%2Fwp%2Fv2%2Fcategories&post=962"},{"taxonomy":"post_tag","embeddable":true,"href":"http:\/\/elobservatorio.com.mx\/index.php?rest_route=%2Fwp%2Fv2%2Ftags&post=962"}],"curies":[{"name":"wp","href":"https:\/\/api.w.org\/{rel}","templated":true}]}}