{"id":9821,"date":"2020-03-03T18:15:50","date_gmt":"2020-03-04T00:15:50","guid":{"rendered":"http:\/\/elobservatorio.com.mx\/?p=9821"},"modified":"2020-03-03T18:15:50","modified_gmt":"2020-03-04T00:15:50","slug":"convocan-a-siete-colimenses-a-la-preseleccion-nacional-de-handball","status":"publish","type":"post","link":"http:\/\/elobservatorio.com.mx\/?p=9821","title":{"rendered":"Convocan a siete colimenses a la preselecci\u00f3n nacional de handball"},"content":{"rendered":"<p class=\"x_MsoNormal\"><em>*En la categor\u00eda Senior +A partir del 15 de marzo asistir\u00e1n al campamento en el Comit\u00e9 Ol\u00edmpico Mexicano de la Ciudad de M\u00e9xico<\/em><\/p>\n<p class=\"x_MsoNormal\">La Federaci\u00f3n Mexicana de Handball a trav\u00e9s de su Comisi\u00f3n de Selecciones Nacionales en coordinaci\u00f3n con la Asociaci\u00f3n de Handball del Estado de Colima, han convocado a siete colimenses a las preselecciones nacionales de la especialidad.<\/p>\n<p class=\"x_MsoNormal\">Lo anterior lo inform\u00f3 Ciria Salazar, directora del Instituto Colimense del Deporte, quien dio a conocer que los preseleccionados son Francisco Mu\u00f1iz Rodr\u00edguez, H\u00e9ctor Alejandro Castellanos Morf\u00edn, Aar\u00f3n Valenzuela D\u00edaz, Sergio Michel S\u00e1nchez Haas, Rodrigo Eduardo Flores Valencia, David Justo Ferm\u00edn y Jos\u00e9 Sebasti\u00e1n G\u00e1lvez Campos<\/p>\n<p class=\"x_MsoNormal\">Ciria Salazar coment\u00f3 que esta convocatoria ser\u00e1 un campamento de preparaci\u00f3n hacia el evento NORCA Senior Varonil, el cual se celebrar\u00e1 del 31 de mayo al 8 de junio en la Ciudad de M\u00e9xico, evento que es clasificatorio hacia el Mundial de la especialidad a celebrarse en El Cairo, Egipto, en el mes de enero del 2021.<\/p>\n<p class=\"x_MsoNormal\">Detall\u00f3 que la fecha en que dar\u00e1 inicio el campamento ser\u00e1 el 15 de marzo en las instalaciones del Comit\u00e9 Ol\u00edmpico Mexicano.<\/p>\n<p class=\"x_MsoNormal\">Cabe destacar que durante el curso de preparaci\u00f3n se realizar\u00e1n pruebas de evaluaci\u00f3n, an\u00e1lisis y cumplimiento que servir\u00e1n de base para la determinaci\u00f3n a la lista definitiva de deportistas que integrar\u00e1n la selecci\u00f3n nacional.<\/p>\n","protected":false},"excerpt":{"rendered":"<p>*En la categor\u00eda Senior +A partir del 15 de marzo asistir\u00e1n al campamento en el Comit\u00e9 Ol\u00edmpico Mexicano de la Ciudad de M\u00e9xico La Federaci\u00f3n Mexicana de Handball a trav\u00e9s de su Comisi\u00f3n de Selecciones Nacionales en coordinaci\u00f3n con la Asociaci\u00f3n de Handball del Estado de Colima, han convocado a siete colimenses a las preselecciones&#8230;<\/p>\n","protected":false},"author":2,"featured_media":9822,"comment_status":"open","ping_status":"open","sticky":false,"template":"","format":"standard","meta":{"footnotes":""},"categories":[21],"tags":[29,30,28],"class_list":["post-9821","post","type-post","status-publish","format-standard","has-post-thumbnail","hentry","category-deportes","tag-grid","tag-news","tag-slider"],"_links":{"self":[{"href":"http:\/\/elobservatorio.com.mx\/index.php?rest_route=\/wp\/v2\/posts\/9821"}],"collection":[{"href":"http:\/\/elobservatorio.com.mx\/index.php?rest_route=\/wp\/v2\/posts"}],"about":[{"href":"http:\/\/elobservatorio.com.mx\/index.php?rest_route=\/wp\/v2\/types\/post"}],"author":[{"embeddable":true,"href":"http:\/\/elobservatorio.com.mx\/index.php?rest_route=\/wp\/v2\/users\/2"}],"replies":[{"embeddable":true,"href":"http:\/\/elobservatorio.com.mx\/index.php?rest_route=%2Fwp%2Fv2%2Fcomments&post=9821"}],"version-history":[{"count":0,"href":"http:\/\/elobservatorio.com.mx\/index.php?rest_route=\/wp\/v2\/posts\/9821\/revisions"}],"wp:featuredmedia":[{"embeddable":true,"href":"http:\/\/elobservatorio.com.mx\/index.php?rest_route=\/wp\/v2\/media\/9822"}],"wp:attachment":[{"href":"http:\/\/elobservatorio.com.mx\/index.php?rest_route=%2Fwp%2Fv2%2Fmedia&parent=9821"}],"wp:term":[{"taxonomy":"category","embeddable":true,"href":"http:\/\/elobservatorio.com.mx\/index.php?rest_route=%2Fwp%2Fv2%2Fcategories&post=9821"},{"taxonomy":"post_tag","embeddable":true,"href":"http:\/\/elobservatorio.com.mx\/index.php?rest_route=%2Fwp%2Fv2%2Ftags&post=9821"}],"curies":[{"name":"wp","href":"https:\/\/api.w.org\/{rel}","templated":true}]}}