{"id":9851,"date":"2020-03-04T18:18:37","date_gmt":"2020-03-05T00:18:37","guid":{"rendered":"http:\/\/elobservatorio.com.mx\/?p=9851"},"modified":"2020-03-04T18:20:20","modified_gmt":"2020-03-05T00:20:20","slug":"si-nos-gana-el-ego-a-los-politicos-en-el-2021-apareceran-hasta-10-candidatos-a-cada-puesto-javier-pinto","status":"publish","type":"post","link":"http:\/\/elobservatorio.com.mx\/?p=9851","title":{"rendered":"\u00abSi nos gana el ego a los pol\u00edticos, en el 2021 aparecer\u00e1n hasta 10 candidatos a cada puesto\u00bb: Javier Pinto"},"content":{"rendered":"<p><em>*El dirigente del PANAL Colima, Javier Pinto Torres,\u00a0 estuvo el pasado jueves\u00a0 como invitado en el programa #ConTodo, que se transmite en vivo todos los jueves a las 8 de la noche.<\/em><\/p>\n<p>&nbsp;<\/p>\n<p>Colima Col. El dirigente del PANAL Colima, <em><strong>Maestro Javier Pinto Torres<\/strong><\/em> estuvo el pasado jueves en el programa #ConTodo, transmitido por la Fanpage de <em><strong>El Observatorio Noticias, <\/strong><\/em>entrevistado por los periodistas <strong><em>Belisario Romero S\u00e1nchez y Anil\u00fa Salazar: <\/em><\/strong><em>Les dejamos <\/em>\u00a0la entrevista completa<\/p>\n<p><strong>Belisario Romero: \u00bfMaestro Pinto, viene una mega alianza entre el PRI, PAN Y PANAL?<\/strong><\/p>\n<p>\u00abNi afirmo nada porque no est\u00e1 nada escrito, pero tampoco niego nada porque dos cosas dec\u00eda mi abuelo, no se me dan:\u00a0 la primera es parir chiquillos y la segunda es adivinar el futuro, todo puede ser posible, estamos en una \u00e9poca donde lo improbable se volvi\u00f3 probable. Cu\u00e1ndo ibas a ver a un PRD unido con un Acci\u00f3n Nacional con ideolog\u00edas completamente diferentes, cuando ibas a ver unido a un MORENA con un extinto PES, con ideolog\u00edas completamente diferentes, por eso digo que lo probable se vuelve improbable\u00bb.<\/p>\n<p>\u00abMe he sentado y platicado con todas las fuerzas pol\u00edticas,\u00a0 con muchos actores pol\u00edticos, con algunos hemos encontrado muchas convergencias, con otros hemos encontrado m\u00e1s discrepancias,\u00a0 lo cierto es que hay platicas con todos. Recordemos que Nueva Alianza Colima al inicio de esta legislatura hicimos un acuerdo con MORENA,\u00a0 nuestra diputada estuvo con MORENA cuando nos quedamos sin registro y fue todo un proceso para recuperarlo.<\/p>\n<p>Por eso decimos que nosotros si somos un partido que escucha, que\u00a0 dialoga, que negocia, pero lo m\u00e1s importante;\u00a0 qu\u00e9 fue lo que nos dimos cuenta,\u00a0 de que no bastan los acuerdos cupulares\u00a0 si no representamos lo que verdaderamente decimos y me refiero a todos los institutos pol\u00edticos, que es lo que estamos haciendo ahorita. Hicimos una labor tit\u00e1nica en donde tenemos una estructura,\u00a0 un gran equipo Colima que estamos tratando de llegar a las 371 secciones electorales, en donde tenemos toda una estructura y estamos involucrados 1231 amigos, compa\u00f1eros, idealistas, que creemos que las cosas pueden cambiar, y entonces esa estructura de 1231 compa\u00f1eros que convergemos en este momento en Nueva Alianza estamos dispuestos a dar la pelea.<\/p>\n<p>\u00abVeo dos escenarios completamente antag\u00f3nicos entre si, uno,\u00a0 de dos mega alianzas, y el otro escenario donde le he venido recalcando varias veces,\u00a0 donde si nos gana el ego y la soberbia a los actores pol\u00edticos y a los actores como tal, vamos a tener m\u00e1s de 10 candidatos en cada uno de los puestos porque no nos vamos a poner de acuerdo si nos gana el ego. Tenemos que hacer m\u00e1s all\u00e1 de nuestras fibias y fobias,\u00a0 ver y hacer que le vaya bien a Colima ver y hacer que de veras estamos preocupados por el pueblo y no nada m\u00e1s por seguir vigentes en la vida pol\u00edtica,\u00a0 ese es el gran reto que tenemos todos los institutos pol\u00edticos en este momento<\/p>\n<p>DA CLIC EN EL SIGUIENTE LINK PARA ENTREVISTA COMPLETA<\/p>\n<p><iframe loading=\"lazy\" title=\"Javier Pinto Torres, dirigente del PANAL Colima y el estudiante Juan Diego Salazar en  #ConTodo\" width=\"640\" height=\"360\" src=\"https:\/\/www.youtube.com\/embed\/dCQnYyjOuTY?feature=oembed\" frameborder=\"0\" allow=\"accelerometer; autoplay; clipboard-write; encrypted-media; gyroscope; picture-in-picture; web-share\" referrerpolicy=\"strict-origin-when-cross-origin\" allowfullscreen><\/iframe><\/p>\n<p>&nbsp;<\/p>\n","protected":false},"excerpt":{"rendered":"<p>*El dirigente del PANAL Colima, Javier Pinto Torres,\u00a0 estuvo el pasado jueves\u00a0 como invitado en el programa #ConTodo, que se transmite en vivo todos los jueves a las 8 de la noche. &nbsp; Colima Col. El dirigente del PANAL Colima, Maestro Javier Pinto Torres estuvo el pasado jueves en el programa #ConTodo, transmitido por la&#8230;<\/p>\n","protected":false},"author":2,"featured_media":9852,"comment_status":"open","ping_status":"open","sticky":false,"template":"","format":"standard","meta":{"footnotes":""},"categories":[43,10],"tags":[29,30,28],"class_list":["post-9851","post","type-post","status-publish","format-standard","has-post-thumbnail","hentry","category-entrevista","category-politica","tag-grid","tag-news","tag-slider"],"_links":{"self":[{"href":"http:\/\/elobservatorio.com.mx\/index.php?rest_route=\/wp\/v2\/posts\/9851"}],"collection":[{"href":"http:\/\/elobservatorio.com.mx\/index.php?rest_route=\/wp\/v2\/posts"}],"about":[{"href":"http:\/\/elobservatorio.com.mx\/index.php?rest_route=\/wp\/v2\/types\/post"}],"author":[{"embeddable":true,"href":"http:\/\/elobservatorio.com.mx\/index.php?rest_route=\/wp\/v2\/users\/2"}],"replies":[{"embeddable":true,"href":"http:\/\/elobservatorio.com.mx\/index.php?rest_route=%2Fwp%2Fv2%2Fcomments&post=9851"}],"version-history":[{"count":0,"href":"http:\/\/elobservatorio.com.mx\/index.php?rest_route=\/wp\/v2\/posts\/9851\/revisions"}],"wp:featuredmedia":[{"embeddable":true,"href":"http:\/\/elobservatorio.com.mx\/index.php?rest_route=\/wp\/v2\/media\/9852"}],"wp:attachment":[{"href":"http:\/\/elobservatorio.com.mx\/index.php?rest_route=%2Fwp%2Fv2%2Fmedia&parent=9851"}],"wp:term":[{"taxonomy":"category","embeddable":true,"href":"http:\/\/elobservatorio.com.mx\/index.php?rest_route=%2Fwp%2Fv2%2Fcategories&post=9851"},{"taxonomy":"post_tag","embeddable":true,"href":"http:\/\/elobservatorio.com.mx\/index.php?rest_route=%2Fwp%2Fv2%2Ftags&post=9851"}],"curies":[{"name":"wp","href":"https:\/\/api.w.org\/{rel}","templated":true}]}}