{"id":9959,"date":"2020-03-10T12:12:30","date_gmt":"2020-03-10T18:12:30","guid":{"rendered":"http:\/\/elobservatorio.com.mx\/?p=9959"},"modified":"2020-03-10T12:12:30","modified_gmt":"2020-03-10T18:12:30","slug":"en-tecoman-envian-a-otro-sujeto-a-la-carcel-por-golpear-a-su-pareja","status":"publish","type":"post","link":"http:\/\/elobservatorio.com.mx\/?p=9959","title":{"rendered":"En Tecom\u00e1n env\u00edan a otro sujeto a la c\u00e1rcel por golpear a su pareja"},"content":{"rendered":"<p><em>*El juez lo vincul\u00f3 a proceso por violencia intrafamiliar.<\/em><\/p>\n<p>Como imputado del delito de violencia intrafamiliar, un hombre fue vinculado a proceso por parte del juez de control, de acuerdo con hechos ocurridos en un domicilio de la Colonia Real del Bosque, en la Ciudad de Tecom\u00e1n.<\/p>\n<p>Seg\u00fan lo que se\u00f1ala la carpeta de investigaci\u00f3n que integr\u00f3 la Fiscal\u00eda General del Estado (FGE), este sujeto de 24 a\u00f1os de edad, golpe\u00f3 a su pareja y por ello fue detenido y puesto a disposici\u00f3n de las autoridades ministeriales<\/p>\n<p>Tras calificarse de legal la detenci\u00f3n, esta persona fue enviada al reclusorio en acatamiento a la medida cautelar, y qued\u00f3 vinculada a proceso. El juez defini\u00f3 el plazo para realizar la investigaci\u00f3n complementaria por parte del Ministerio P\u00fablico.<\/p>\n<p>Estas acciones son del trabajo que realiza la Fiscal\u00eda en materia de investigaci\u00f3n y persecuci\u00f3n de los delitos, con el objetivo de esclarecerlos, lograr la captura de quienes los cometen y que no haya impunidad.<\/p>\n<p>Para lograr el \u00e9xito de estas acciones ser\u00e1 siempre fundamental la colaboraci\u00f3n de la sociedad, a trav\u00e9s de las denuncias an\u00f3nimas a la l\u00ednea 089 y el reporte las emergencias a la l\u00ednea 911, por ello se contin\u00faa exhortando a que las realicen.<\/p>\n<p>&nbsp;<\/p>\n<p>&nbsp;<\/p>\n","protected":false},"excerpt":{"rendered":"<p>*El juez lo vincul\u00f3 a proceso por violencia intrafamiliar. Como imputado del delito de violencia intrafamiliar, un hombre fue vinculado a proceso por parte del juez de control, de acuerdo con hechos ocurridos en un domicilio de la Colonia Real del Bosque, en la Ciudad de Tecom\u00e1n. Seg\u00fan lo que se\u00f1ala la carpeta de investigaci\u00f3n&#8230;<\/p>\n","protected":false},"author":2,"featured_media":9960,"comment_status":"open","ping_status":"open","sticky":false,"template":"","format":"standard","meta":{"footnotes":""},"categories":[15],"tags":[29,30,28],"class_list":["post-9959","post","type-post","status-publish","format-standard","has-post-thumbnail","hentry","category-seguridad-y-justicia","tag-grid","tag-news","tag-slider"],"_links":{"self":[{"href":"http:\/\/elobservatorio.com.mx\/index.php?rest_route=\/wp\/v2\/posts\/9959"}],"collection":[{"href":"http:\/\/elobservatorio.com.mx\/index.php?rest_route=\/wp\/v2\/posts"}],"about":[{"href":"http:\/\/elobservatorio.com.mx\/index.php?rest_route=\/wp\/v2\/types\/post"}],"author":[{"embeddable":true,"href":"http:\/\/elobservatorio.com.mx\/index.php?rest_route=\/wp\/v2\/users\/2"}],"replies":[{"embeddable":true,"href":"http:\/\/elobservatorio.com.mx\/index.php?rest_route=%2Fwp%2Fv2%2Fcomments&post=9959"}],"version-history":[{"count":0,"href":"http:\/\/elobservatorio.com.mx\/index.php?rest_route=\/wp\/v2\/posts\/9959\/revisions"}],"wp:featuredmedia":[{"embeddable":true,"href":"http:\/\/elobservatorio.com.mx\/index.php?rest_route=\/wp\/v2\/media\/9960"}],"wp:attachment":[{"href":"http:\/\/elobservatorio.com.mx\/index.php?rest_route=%2Fwp%2Fv2%2Fmedia&parent=9959"}],"wp:term":[{"taxonomy":"category","embeddable":true,"href":"http:\/\/elobservatorio.com.mx\/index.php?rest_route=%2Fwp%2Fv2%2Fcategories&post=9959"},{"taxonomy":"post_tag","embeddable":true,"href":"http:\/\/elobservatorio.com.mx\/index.php?rest_route=%2Fwp%2Fv2%2Ftags&post=9959"}],"curies":[{"name":"wp","href":"https:\/\/api.w.org\/{rel}","templated":true}]}}