{"id":9962,"date":"2020-03-10T12:53:43","date_gmt":"2020-03-10T18:53:43","guid":{"rendered":"http:\/\/elobservatorio.com.mx\/?p=9962"},"modified":"2020-03-10T12:53:43","modified_gmt":"2020-03-10T18:53:43","slug":"basurero-clandestino-en-el-centro-de-la-ciudad","status":"publish","type":"post","link":"http:\/\/elobservatorio.com.mx\/?p=9962","title":{"rendered":"Basurero clandestino en el centro de la ciudad"},"content":{"rendered":"<p>Tecom\u00e1n Col.- Ciudadanos reportaron a este medio de comunicaci\u00f3n, un lote que se ubica por\u00a0 la calle Hidalgo, entre r\u00edo Salado y Canal Amela,casi enfrente del hielo Alpin ( a pocas cuadras del centro de Tecom\u00e1n). Que es utilizado como basurero, mismo que constantemente se ha reportado a la direcci\u00f3n de servicios p\u00fablicos municipales y no han hecho caso.<\/p>\n<p>Aparte de que es un tiradero de basura es un foco de infecci\u00f3n, que pone en riesgo la salud de los ni\u00f1os que acuden a la escuela Paladines de la Revoluci\u00f3n, que se encuentra a unos metros\u00a0 (Fotos:cortes\u00eda)<\/p>\n<div id='gallery-1' class='gallery galleryid-9962 gallery-columns-3 gallery-size-large'><figure class='gallery-item'>\n\t\t\t<div class='gallery-icon landscape'>\n\t\t\t\t<a href='http:\/\/elobservatorio.com.mx\/?attachment_id=9964'><img loading=\"lazy\" decoding=\"async\" width=\"640\" height=\"480\" src=\"http:\/\/elobservatorio.com.mx\/wp-content\/uploads\/2020\/03\/basura1-1024x768.jpg\" class=\"attachment-large size-large\" alt=\"\" srcset=\"http:\/\/elobservatorio.com.mx\/wp-content\/uploads\/2020\/03\/basura1-1024x768.jpg 1024w, http:\/\/elobservatorio.com.mx\/wp-content\/uploads\/2020\/03\/basura1-300x225.jpg 300w, http:\/\/elobservatorio.com.mx\/wp-content\/uploads\/2020\/03\/basura1-768x576.jpg 768w, http:\/\/elobservatorio.com.mx\/wp-content\/uploads\/2020\/03\/basura1.jpg 1040w\" sizes=\"(max-width: 640px) 100vw, 640px\" \/><\/a>\n\t\t\t<\/div><\/figure><figure class='gallery-item'>\n\t\t\t<div class='gallery-icon landscape'>\n\t\t\t\t<a href='http:\/\/elobservatorio.com.mx\/?attachment_id=9965'><img loading=\"lazy\" decoding=\"async\" width=\"640\" height=\"480\" src=\"http:\/\/elobservatorio.com.mx\/wp-content\/uploads\/2020\/03\/basura3-1024x768.jpg\" class=\"attachment-large size-large\" alt=\"\" srcset=\"http:\/\/elobservatorio.com.mx\/wp-content\/uploads\/2020\/03\/basura3-1024x768.jpg 1024w, http:\/\/elobservatorio.com.mx\/wp-content\/uploads\/2020\/03\/basura3-300x225.jpg 300w, http:\/\/elobservatorio.com.mx\/wp-content\/uploads\/2020\/03\/basura3-768x576.jpg 768w, http:\/\/elobservatorio.com.mx\/wp-content\/uploads\/2020\/03\/basura3.jpg 1040w\" sizes=\"(max-width: 640px) 100vw, 640px\" \/><\/a>\n\t\t\t<\/div><\/figure><figure class='gallery-item'>\n\t\t\t<div class='gallery-icon landscape'>\n\t\t\t\t<a href='http:\/\/elobservatorio.com.mx\/?attachment_id=9963'><img loading=\"lazy\" decoding=\"async\" width=\"640\" height=\"480\" src=\"http:\/\/elobservatorio.com.mx\/wp-content\/uploads\/2020\/03\/basura-1024x768.jpg\" class=\"attachment-large size-large\" alt=\"\" srcset=\"http:\/\/elobservatorio.com.mx\/wp-content\/uploads\/2020\/03\/basura-1024x768.jpg 1024w, http:\/\/elobservatorio.com.mx\/wp-content\/uploads\/2020\/03\/basura-300x225.jpg 300w, http:\/\/elobservatorio.com.mx\/wp-content\/uploads\/2020\/03\/basura-768x576.jpg 768w, http:\/\/elobservatorio.com.mx\/wp-content\/uploads\/2020\/03\/basura.jpg 1040w\" sizes=\"(max-width: 640px) 100vw, 640px\" \/><\/a>\n\t\t\t<\/div><\/figure>\n\t\t<\/div>\n\n<p>&nbsp;<\/p>\n<p>&nbsp;<\/p>\n","protected":false},"excerpt":{"rendered":"<p>Tecom\u00e1n Col.- Ciudadanos reportaron a este medio de comunicaci\u00f3n, un lote que se ubica por\u00a0 la calle Hidalgo, entre r\u00edo Salado y Canal Amela,casi enfrente del hielo Alpin ( a pocas cuadras del centro de Tecom\u00e1n). Que es utilizado como basurero, mismo que constantemente se ha reportado a la direcci\u00f3n de servicios p\u00fablicos municipales y&#8230;<\/p>\n","protected":false},"author":2,"featured_media":9963,"comment_status":"open","ping_status":"open","sticky":false,"template":"","format":"standard","meta":{"footnotes":""},"categories":[19,34],"tags":[29,30,28],"class_list":["post-9962","post","type-post","status-publish","format-standard","has-post-thumbnail","hentry","category-fotonotas","category-tecoman","tag-grid","tag-news","tag-slider"],"_links":{"self":[{"href":"http:\/\/elobservatorio.com.mx\/index.php?rest_route=\/wp\/v2\/posts\/9962"}],"collection":[{"href":"http:\/\/elobservatorio.com.mx\/index.php?rest_route=\/wp\/v2\/posts"}],"about":[{"href":"http:\/\/elobservatorio.com.mx\/index.php?rest_route=\/wp\/v2\/types\/post"}],"author":[{"embeddable":true,"href":"http:\/\/elobservatorio.com.mx\/index.php?rest_route=\/wp\/v2\/users\/2"}],"replies":[{"embeddable":true,"href":"http:\/\/elobservatorio.com.mx\/index.php?rest_route=%2Fwp%2Fv2%2Fcomments&post=9962"}],"version-history":[{"count":0,"href":"http:\/\/elobservatorio.com.mx\/index.php?rest_route=\/wp\/v2\/posts\/9962\/revisions"}],"wp:featuredmedia":[{"embeddable":true,"href":"http:\/\/elobservatorio.com.mx\/index.php?rest_route=\/wp\/v2\/media\/9963"}],"wp:attachment":[{"href":"http:\/\/elobservatorio.com.mx\/index.php?rest_route=%2Fwp%2Fv2%2Fmedia&parent=9962"}],"wp:term":[{"taxonomy":"category","embeddable":true,"href":"http:\/\/elobservatorio.com.mx\/index.php?rest_route=%2Fwp%2Fv2%2Fcategories&post=9962"},{"taxonomy":"post_tag","embeddable":true,"href":"http:\/\/elobservatorio.com.mx\/index.php?rest_route=%2Fwp%2Fv2%2Ftags&post=9962"}],"curies":[{"name":"wp","href":"https:\/\/api.w.org\/{rel}","templated":true}]}}