{"id":997,"date":"2018-12-05T08:46:09","date_gmt":"2018-12-05T08:46:09","guid":{"rendered":"http:\/\/elobservatorio.com.mx\/diputados-de-mi-partido-me-dieron-la-espalda-se-queja-alcaldesa-de-manzanillo-ganaron-por-morena"},"modified":"2018-12-05T08:46:09","modified_gmt":"2018-12-05T08:46:09","slug":"diputados-de-mi-partido-me-dieron-la-espalda-se-queja-alcaldesa-de-manzanillo-ganaron-por-morena","status":"publish","type":"post","link":"http:\/\/elobservatorio.com.mx\/?p=997","title":{"rendered":"Diputados de mi partido me dieron la espalda, se queja alcaldesa de Manzanillo; ganaron por MORENA"},"content":{"rendered":"<p><em>*Los diputados y el gobernador est\u00e1n olvidando a Manzanillo, advierte la presidenta municipal, que la poblaci\u00f3n cobrar\u00e1 factura en las urnas.<\/em><\/p>\n<p>En rueda de prensa, la presidenta municipal Griselda Mart\u00ednez, extern\u00f3 con preocupaci\u00f3n y tristeza, no estar de acuerdo con el presupuesto estatal, aprobado por los diputados el pasado viernes 30 de noviembre.<\/p>\n<p>La principal inquietud es respecto al presupuesto en materia de obra p\u00fablica, para Manzanillo, el municipio m\u00e1s grande del estado fue aprobado menos del 1%, del total de recursos $374 millones de pesos, \u00fanicamente fueron destinados$3, 400, 000.00 (Tres millones cuatrocientos mil pesos).<\/p>\n<p>La presidenta asever\u00f3 que est\u00e1n dejando en el olvido a los miles de manzanillenses, no a ella. Que los diputados locales est\u00e1n olvidando a su gente, y es de sorprender que los diputados de su mismo partido MORENA, le den la espada.<\/p>\n<p>Se\u00f1al\u00f3 la diferencia abismal e comparaci\u00f3n con el municipio de Colima, a quienes les fueron probados $170, 000 008.00 (Ciento setenta punto ocho millones de pesos). Equivalente al 46% del presupuesto total.<\/p>\n<p>Griselda Mart\u00ednez, insisti\u00f3 en revisar las prioridades de cada municipio, mientras que las obras aprobadas para el municipio de Colima son para lucimiento, para Manzanillo, no est\u00e1n las obras de urgencia, como lo son la rehabilitaci\u00f3n de calles que actualmente son intransitables. Dijo \u201cNo es posible que se vaya a intervenir por tercera vez en la Avenida Calzada Galv\u00e1n por $44 millones de pesos, cuando en Manzanillo no hay un solo parque\u201d.<\/p>\n<p>Se les olvid\u00f3 que Manzanillo es un puerto tur\u00edstico, y que es la capital econ\u00f3mica del estado, \u201cno es posible que se le est\u00e9 dando \u00e9ste trato\u201d. Asegur\u00f3 que busc\u00f3 a los diputados locales, para presentarles las necesidades de Manzanillo, y ninguno atendi\u00f3 sus demandas.<\/p>\n<p>Hace un llamado al Gobernador del Estado y a los diputados para que recapaciten, les record\u00f3 que las acciones en contra del bienestar de la poblaci\u00f3n, cobran factura pol\u00edtica. Les demand\u00f3 compromiso con los Manzanillenses, quienes les dieron su voto de confianza a los diputados locales.\u00a0 Al respecto expres\u00f3 \u201cse est\u00e1n viendo sumisos y complacientes\u201d.<\/p>\n<p>&nbsp;<\/p>\n","protected":false},"excerpt":{"rendered":"<p>*Los diputados y el gobernador est\u00e1n olvidando a Manzanillo, advierte la presidenta municipal, que la poblaci\u00f3n cobrar\u00e1 factura en las urnas. En rueda de prensa, la presidenta municipal Griselda Mart\u00ednez, extern\u00f3 con preocupaci\u00f3n y tristeza, no estar de acuerdo con el presupuesto estatal, aprobado por los diputados el pasado viernes 30 de noviembre. La principal&#8230;<\/p>\n","protected":false},"author":2,"featured_media":998,"comment_status":"open","ping_status":"open","sticky":false,"template":"","format":"standard","meta":{"footnotes":""},"categories":[35,8],"tags":[29,30,28],"class_list":["post-997","post","type-post","status-publish","format-standard","has-post-thumbnail","hentry","category-manzanillo","category-municipios","tag-grid","tag-news","tag-slider"],"_links":{"self":[{"href":"http:\/\/elobservatorio.com.mx\/index.php?rest_route=\/wp\/v2\/posts\/997"}],"collection":[{"href":"http:\/\/elobservatorio.com.mx\/index.php?rest_route=\/wp\/v2\/posts"}],"about":[{"href":"http:\/\/elobservatorio.com.mx\/index.php?rest_route=\/wp\/v2\/types\/post"}],"author":[{"embeddable":true,"href":"http:\/\/elobservatorio.com.mx\/index.php?rest_route=\/wp\/v2\/users\/2"}],"replies":[{"embeddable":true,"href":"http:\/\/elobservatorio.com.mx\/index.php?rest_route=%2Fwp%2Fv2%2Fcomments&post=997"}],"version-history":[{"count":0,"href":"http:\/\/elobservatorio.com.mx\/index.php?rest_route=\/wp\/v2\/posts\/997\/revisions"}],"wp:featuredmedia":[{"embeddable":true,"href":"http:\/\/elobservatorio.com.mx\/index.php?rest_route=\/wp\/v2\/media\/998"}],"wp:attachment":[{"href":"http:\/\/elobservatorio.com.mx\/index.php?rest_route=%2Fwp%2Fv2%2Fmedia&parent=997"}],"wp:term":[{"taxonomy":"category","embeddable":true,"href":"http:\/\/elobservatorio.com.mx\/index.php?rest_route=%2Fwp%2Fv2%2Fcategories&post=997"},{"taxonomy":"post_tag","embeddable":true,"href":"http:\/\/elobservatorio.com.mx\/index.php?rest_route=%2Fwp%2Fv2%2Ftags&post=997"}],"curies":[{"name":"wp","href":"https:\/\/api.w.org\/{rel}","templated":true}]}}