{"id":1072,"date":"2018-12-06T22:47:28","date_gmt":"2018-12-06T22:47:28","guid":{"rendered":"http:\/\/elobservatorio.com.mx\/felipe-castellanos-una-historia-de-25-anos-en-la-musica"},"modified":"2018-12-06T22:47:28","modified_gmt":"2018-12-06T22:47:28","slug":"felipe-castellanos-una-historia-de-25-anos-en-la-musica","status":"publish","type":"post","link":"https:\/\/elobservatorio.com.mx\/?p=1072","title":{"rendered":"Felipe Castellanos, una historia de 25 a\u00f1os en la m\u00fasica"},"content":{"rendered":"<p><em>*El repertorio incluy\u00f3 obras antol\u00f3gicas como \u201cNon ti scordar di me\u201d, de Ernesto de Curtis; \u201cFunicul\u00ed, Funicul\u00e1\u201d, de Luigi Denza; \u201cAs\u00ed\u201d, de Mar\u00eda Grever; \u201cAmor de mis amores\u201d, y \u201cArr\u00e1ncame la vida\u201d, de Agust\u00edn Lara.<\/em><\/p>\n<p>Entre suspiros, nostalgia y ovaciones, el tenor colimense Felipe Castellanos ofreci\u00f3 un emotivo concierto con el t\u00edtulo \u201cArr\u00e1ncame la vida, con el cual celebr\u00f3 sus 25 a\u00f1os de vida art\u00edstica en el Teatro Universitario.<\/p>\n<p>El repertorio incluy\u00f3 obras antol\u00f3gicas del cancionero internacional, tales como \u201cNon ti scordar di me\u201d, de Ernesto de Curtis; \u201cFunicul\u00ed, Funicul\u00e1\u201d, de Luigi Denza; \u201cAs\u00ed\u201d, de Mar\u00eda Grever; \u201cAmor de mis amores\u201d, y \u201cArr\u00e1ncame la vida\u201d, de Agust\u00edn Lara.<\/p>\n<p>Asimismo, destac\u00f3 la participaci\u00f3n de la pianista colimense Cindy Sol\u00f3rzano, quien demostr\u00f3 sus a\u00f1os de experiencia en este importante instrumento musical. La escenograf\u00eda del concierto fue realizada con el apoyo de multimedia, de Fernando Morales, el cual cuid\u00f3 hasta los \u00faltimos detalles de escena y espacio.<\/p>\n<p>El tenor y maestro Felipe Castellanos se ha caracterizado por su calidad y fuerza interpretativa. Particip\u00f3 en la integraci\u00f3n de grupos musicales como el Coro del Ballet Folcl\u00f3rico y el Grupo Cantares, ambos de la Universidad de Colima.<\/p>\n<p>Al terminar sus estudios en el Instituto Universitario de Bellas Artes (IUBA), trabaj\u00f3 su perfeccionamiento vocal en la Ciudad de M\u00e9xico. En 2013 fue nombrado Embajador Tur\u00edstico del Estado de Colima por su gran trayectoria art\u00edstica. Desde el 2004 es profesor de Canto del Instituto Universitario de Bellas Artes de la UdeC.<\/p>\n<p>Para finalizar el concierto, Felipe Castellanos record\u00f3 el paso de los a\u00f1os y manifest\u00f3 su felicidad y gratitud por celebrar su extensa trayectoria art\u00edstica junto a personas importantes de su vida y junto a su p\u00fablico; adem\u00e1s, agradeci\u00f3 a la Universidad de Colima por el apoyo que le han brindado siempre.<\/p>\n<p>A petici\u00f3n de sus admiradores, y para cerrar la noche, el tenor eligi\u00f3 \u201cB\u00e9same mucho\u201d, tema que arranc\u00f3 suspiros al ser cantado al un\u00edsono por todos los asistentes al concierto.<\/p>\n<p>\u201cArr\u00e1ncame la vida\u201d es un evento que organiz\u00f3 la Direcci\u00f3n General de Difusi\u00f3n Cultural de la Universidad de Colima.<\/p>\n<p>&nbsp;<\/p>\n","protected":false},"excerpt":{"rendered":"<p>*El repertorio incluy\u00f3 obras antol\u00f3gicas como \u201cNon ti scordar di me\u201d, de Ernesto de Curtis; \u201cFunicul\u00ed, Funicul\u00e1\u201d, de Luigi Denza; \u201cAs\u00ed\u201d, de Mar\u00eda Grever; \u201cAmor de mis amores\u201d, y \u201cArr\u00e1ncame la vida\u201d, de Agust\u00edn Lara. Entre suspiros, nostalgia y ovaciones, el tenor colimense Felipe Castellanos ofreci\u00f3 un emotivo concierto con el t\u00edtulo \u201cArr\u00e1ncame la vida,&#8230;<\/p>\n","protected":false},"author":2,"featured_media":1073,"comment_status":"open","ping_status":"open","sticky":false,"template":"","format":"standard","meta":{"footnotes":""},"categories":[14,32],"tags":[29,30,28],"class_list":["post-1072","post","type-post","status-publish","format-standard","has-post-thumbnail","hentry","category-educacion-y-cultura","category-escenario","tag-grid","tag-news","tag-slider"],"_links":{"self":[{"href":"https:\/\/elobservatorio.com.mx\/index.php?rest_route=\/wp\/v2\/posts\/1072"}],"collection":[{"href":"https:\/\/elobservatorio.com.mx\/index.php?rest_route=\/wp\/v2\/posts"}],"about":[{"href":"https:\/\/elobservatorio.com.mx\/index.php?rest_route=\/wp\/v2\/types\/post"}],"author":[{"embeddable":true,"href":"https:\/\/elobservatorio.com.mx\/index.php?rest_route=\/wp\/v2\/users\/2"}],"replies":[{"embeddable":true,"href":"https:\/\/elobservatorio.com.mx\/index.php?rest_route=%2Fwp%2Fv2%2Fcomments&post=1072"}],"version-history":[{"count":0,"href":"https:\/\/elobservatorio.com.mx\/index.php?rest_route=\/wp\/v2\/posts\/1072\/revisions"}],"wp:featuredmedia":[{"embeddable":true,"href":"https:\/\/elobservatorio.com.mx\/index.php?rest_route=\/wp\/v2\/media\/1073"}],"wp:attachment":[{"href":"https:\/\/elobservatorio.com.mx\/index.php?rest_route=%2Fwp%2Fv2%2Fmedia&parent=1072"}],"wp:term":[{"taxonomy":"category","embeddable":true,"href":"https:\/\/elobservatorio.com.mx\/index.php?rest_route=%2Fwp%2Fv2%2Fcategories&post=1072"},{"taxonomy":"post_tag","embeddable":true,"href":"https:\/\/elobservatorio.com.mx\/index.php?rest_route=%2Fwp%2Fv2%2Ftags&post=1072"}],"curies":[{"name":"wp","href":"https:\/\/api.w.org\/{rel}","templated":true}]}}