{"id":1075,"date":"2018-12-06T22:50:31","date_gmt":"2018-12-06T22:50:31","guid":{"rendered":"http:\/\/elobservatorio.com.mx\/exponen-estudiantes-proyectos-turisticos"},"modified":"2018-12-06T22:50:31","modified_gmt":"2018-12-06T22:50:31","slug":"exponen-estudiantes-proyectos-turisticos","status":"publish","type":"post","link":"https:\/\/elobservatorio.com.mx\/?p=1075","title":{"rendered":"Exponen estudiantes proyectos tur\u00edsticos"},"content":{"rendered":"<p><em>*Objetivo: integrar los conocimientos de las asignaturas y llevarlos a la pr\u00e1ctica.<\/em><\/p>\n<p>Con el objetivo de que los estudiantes de Gesti\u00f3n Tur\u00edstica de la Universidad de Colima integren conocimientos y pr\u00e1ctica de las asignaturas sobre congresos, convenciones y exhibiciones, <em>catering<\/em> y protocolo, animaci\u00f3n tur\u00edstica y seminario de investigaci\u00f3n, se realiz\u00f3 hace unos d\u00edas el evento Tesis Challenge: Coloquio de Tesis de Investigaci\u00f3n 2018.<\/p>\n<p>En la inauguraci\u00f3n del evento, Fernando S\u00e1nchez C\u00e1rdenas, director de la Facultad de Turismo, ubicada en el campus Villa de \u00c1lvarez, dijo que \u00e9ste es el primer coloquio que se realiza con la intenci\u00f3n de dejar antecedentes de los avances que se presentan sobre las tesis, as\u00ed como de la integraci\u00f3n de las optativas con las materias de s\u00e9ptimo semestre.<\/p>\n<p>Coment\u00f3 que, con esta actividad, los estudiantes podr\u00e1n darse una idea sobre formas de explorar y preparar sus proyectos de investigaci\u00f3n.<\/p>\n<p>Posterior al evento de inauguraci\u00f3n, los alumnos expusieron carteles referentes a los temas de investigaci\u00f3n que realizan. La exposici\u00f3n de carteles se subdividi\u00f3 en cuatro \u00e1reas de investigaci\u00f3n: Turismo en la comunidad, Tecnolog\u00eda y emprendedurismo en el turismo, Alimentos y bebidas y Educaci\u00f3n tur\u00edstica.<\/p>\n<p>&nbsp;<\/p>\n","protected":false},"excerpt":{"rendered":"<p>*Objetivo: integrar los conocimientos de las asignaturas y llevarlos a la pr\u00e1ctica. Con el objetivo de que los estudiantes de Gesti\u00f3n Tur\u00edstica de la Universidad de Colima integren conocimientos y pr\u00e1ctica de las asignaturas sobre congresos, convenciones y exhibiciones, catering y protocolo, animaci\u00f3n tur\u00edstica y seminario de investigaci\u00f3n, se realiz\u00f3 hace unos d\u00edas el evento&#8230;<\/p>\n","protected":false},"author":2,"featured_media":1076,"comment_status":"open","ping_status":"open","sticky":false,"template":"","format":"standard","meta":{"footnotes":""},"categories":[14],"tags":[29,30,28],"class_list":["post-1075","post","type-post","status-publish","format-standard","has-post-thumbnail","hentry","category-educacion-y-cultura","tag-grid","tag-news","tag-slider"],"_links":{"self":[{"href":"https:\/\/elobservatorio.com.mx\/index.php?rest_route=\/wp\/v2\/posts\/1075"}],"collection":[{"href":"https:\/\/elobservatorio.com.mx\/index.php?rest_route=\/wp\/v2\/posts"}],"about":[{"href":"https:\/\/elobservatorio.com.mx\/index.php?rest_route=\/wp\/v2\/types\/post"}],"author":[{"embeddable":true,"href":"https:\/\/elobservatorio.com.mx\/index.php?rest_route=\/wp\/v2\/users\/2"}],"replies":[{"embeddable":true,"href":"https:\/\/elobservatorio.com.mx\/index.php?rest_route=%2Fwp%2Fv2%2Fcomments&post=1075"}],"version-history":[{"count":0,"href":"https:\/\/elobservatorio.com.mx\/index.php?rest_route=\/wp\/v2\/posts\/1075\/revisions"}],"wp:featuredmedia":[{"embeddable":true,"href":"https:\/\/elobservatorio.com.mx\/index.php?rest_route=\/wp\/v2\/media\/1076"}],"wp:attachment":[{"href":"https:\/\/elobservatorio.com.mx\/index.php?rest_route=%2Fwp%2Fv2%2Fmedia&parent=1075"}],"wp:term":[{"taxonomy":"category","embeddable":true,"href":"https:\/\/elobservatorio.com.mx\/index.php?rest_route=%2Fwp%2Fv2%2Fcategories&post=1075"},{"taxonomy":"post_tag","embeddable":true,"href":"https:\/\/elobservatorio.com.mx\/index.php?rest_route=%2Fwp%2Fv2%2Ftags&post=1075"}],"curies":[{"name":"wp","href":"https:\/\/api.w.org\/{rel}","templated":true}]}}