{"id":1172,"date":"2018-12-11T07:24:16","date_gmt":"2018-12-11T07:24:16","guid":{"rendered":"http:\/\/elobservatorio.com.mx\/urgen-rectores-mayor-presupuesto-para-las-universidades-en-la-camara-de-diputados"},"modified":"2018-12-11T07:24:23","modified_gmt":"2018-12-11T07:24:23","slug":"urgen-rectores-mayor-presupuesto-para-las-universidades-en-la-camara-de-diputados","status":"publish","type":"post","link":"https:\/\/elobservatorio.com.mx\/?p=1172","title":{"rendered":"Urgen rectores mayor presupuesto para las universidades, en la C\u00e1mara de Diputados"},"content":{"rendered":"\n<p><em>*\u201cLas universidades est\u00e1n abiertas al di\u00e1logo y tienen propuestas concretas para emprender mecanismos que aseguren una mayor equidad, la ampliaci\u00f3n de la cobertura con calidad y pertinencia y la reducci\u00f3n de las brechas inter-estatales\u201d:Valls Esponda, ANUIES<\/em><\/p>\n\n\n\n<p>Rectores de universidades p\u00fablicas\nestatales afiliadas a la Asociaci\u00f3n Nacional de Universidades e Instituciones\nde Educaci\u00f3n Superior (ANUIES), entre los que estaba Jos\u00e9 Eduardo Hern\u00e1ndez\nNava, rector de la Universidad de Colima, acudieron a la C\u00e1mara de Diputados para\nsostener una reuni\u00f3n con el presidente de la Comisi\u00f3n de Presupuesto y Cuenta\nP\u00fablica, el diputado Alfonso Ram\u00edrez Cu\u00e9llar, en la que hablaron de la urgente\nnecesidad de un mayor presupuesto para Educaci\u00f3n Superior en 2019.<\/p>\n\n\n\n<p>En el evento, realizado en el sal\u00f3n\nde protocolos, tambi\u00e9n estuvo el subsecretario de Educaci\u00f3n Superior de la\nSecretar\u00eda de Educaci\u00f3n P\u00fablica (SEP), Luciano Concheiro B\u00f3rquez, la presidenta\nde la Comisi\u00f3n de Educaci\u00f3n y Servicios Educativos, Adela Pi\u00f1a Bernal, la\ndirectora general de Educaci\u00f3n Superior Universitaria, Carmen Rodr\u00edguez Armenta\ny otros diputados integrantes de las comisiones de Presupuesto, de Educaci\u00f3n y\nde Hacienda, as\u00ed como del titular de la ANUIES, Jaime Valls Esponda.<\/p>\n\n\n\n<p>Al entregar al presidente de la\nComisi\u00f3n de Presupuesto, Ram\u00edrez Cu\u00e9llar, la solicitud de presupuesto para el\n2019 referente a Educaci\u00f3n Superior, Valls Esponda precis\u00f3 que las Instituciones\nde Educaci\u00f3n Superior (IES) afiliadas a la ANUIES hac\u00edan un llamado a los\npoderes Legislativo y Ejecutivo para que den certeza financiera, y al mismo\ntiempo, refrenden el compromiso para mantener y mejorar la calidad educativa,\nas\u00ed como ampliar la cobertura en las universidades. <\/p>\n\n\n\n<p>Expuso tambi\u00e9n la preocupaci\u00f3n del\ncierre del presente a\u00f1o, al que calific\u00f3 como \u201cun tema coyuntural que debe\nresolverse en corto tiempo\u201d.<\/p>\n\n\n\n<p>Inform\u00f3 que, en los \u00faltimos a\u00f1os, las\nIES, precisamente por ampliar la cobertura con calidad, han hecho un gran\nesfuerzo al invertir en infraestructura, equipamiento y capacitaci\u00f3n, para\natender un mayor n\u00famero de estudiantes; \u201cla matr\u00edcula en los \u00faltimos tres a\u00f1os\nse ha incrementado m\u00e1s del ciento por ciento, no siendo proporcional el\nincremento del gasto federal a Educaci\u00f3n Superior\u201d.<\/p>\n\n\n\n<p>Coment\u00f3 que \u201clas universidades est\u00e1n\nabiertas al di\u00e1logo y tienen propuestas concretas para emprender mecanismos que\naseguren una mayor equidad, la ampliaci\u00f3n de la cobertura con calidad y\npertinencia, la reducci\u00f3n de las brechas inter-estatales, y adem\u00e1s est\u00e1n\ncompletamente a favor de la transparencia, la rendici\u00f3n de cuentas y el uso\nracional y austero de los recursos\u201d.<\/p>\n\n\n\n<p>En su intervenci\u00f3n, el diputado Ram\u00edrez\nCu\u00e9llar dijo a los rectores que se quiere redactar en el Decreto de Presupuesto\npara 2019, un documento de corresponsabilidad entre universidades y ejecutivo\nfederal, para ir solventando los problemas estructurales por los que atraviesan\ndichas instituciones; esto es, dijo, \u201cestablecer compromisos que sean medibles,\nporque de lo contrario el financiamiento podr\u00eda ser insostenible\u201d.<\/p>\n\n\n\n<p>Agreg\u00f3 que \u201ccontemplar un decreto\nde presupuesto con compromisos entre el Gobierno de la Rep\u00fablica y el Poder\nLegislativo es importante, pero tambi\u00e9n un compromiso de grandes\ntransformaciones de las universidades y las IES. Queremos expresarles el\ncompromiso de todos los legisladores, independientemente del grupo\nparlamentario, para avanzar y defender estas propuestas presupuestales que\nustedes han presentado el d\u00eda de hoy\u201d.<\/p>\n\n\n\n<p>En su turno, Concheiro B\u00f3rquez aclar\u00f3\nque fue instruido por parte del presidente Andr\u00e9s Manuel L\u00f3pez Obrador, \u201cpara\ndar el acompa\u00f1amiento a las universidades, dar la soluci\u00f3n a los problemas\nestructurales de la Educaci\u00f3n Superior, y ver tambi\u00e9n la manera de c\u00f3mo el\ngobierno se compromete, en el sentido profundo de la palabra, y c\u00f3mo se puede\nestablecer una relaci\u00f3n de compromiso de las universidades para con sus\ncomunidades y la sociedad en su conjunto\u201d.<\/p>\n\n\n\n<p>Indic\u00f3 que actualmente se est\u00e1\napelando a una pol\u00edtica de Estado, ya que la educaci\u00f3n no puede ser s\u00f3lo una\npol\u00edtica p\u00fablica. Para el 2019 \u201cse apela al proyecto de una reforma estructural\nen las universidades, con la debida autonom\u00eda de las mismas, pero con una\ntransformaci\u00f3n profunda, no s\u00f3lo tocando lo referente a lo presupuestal, sino\nviendo los contenidos, el sentido de la educaci\u00f3n, el compromiso con el pa\u00eds y\nlas causas que nos dieron origen\u201d.<\/p>\n\n\n\n<p>Finalmente, el resto de diputados\nque hizo uso de la palabra, coincidieron en externar su compromiso de apoyo a\nlas universidades, de trabajar para que se cuente con un presupuesto y para\nlograr que 2019 sea un gran a\u00f1o para la educaci\u00f3n p\u00fablica.<\/p>\n\n\n\n<p>El rector Jos\u00e9 Eduardo Hern\u00e1ndez\nNava asisti\u00f3 a la reuni\u00f3n acompa\u00f1ado del secretario t\u00e9cnico de Rector\u00eda, Jos\u00e9\nLuis Ram\u00edrez Dom\u00ednguez.<\/p>\n","protected":false},"excerpt":{"rendered":"<p>*\u201cLas universidades est\u00e1n abiertas al di\u00e1logo y tienen propuestas concretas para emprender mecanismos que aseguren una mayor equidad, la ampliaci\u00f3n de la cobertura con calidad y pertinencia y la reducci\u00f3n de las brechas inter-estatales\u201d:Valls Esponda, ANUIES Rectores de universidades p\u00fablicas estatales afiliadas a la Asociaci\u00f3n Nacional de Universidades e Instituciones de Educaci\u00f3n Superior (ANUIES), entre&#8230;<\/p>\n","protected":false},"author":2,"featured_media":1173,"comment_status":"open","ping_status":"open","sticky":false,"template":"","format":"standard","meta":{"footnotes":""},"categories":[14],"tags":[29,30,28],"class_list":["post-1172","post","type-post","status-publish","format-standard","has-post-thumbnail","hentry","category-educacion-y-cultura","tag-grid","tag-news","tag-slider"],"_links":{"self":[{"href":"https:\/\/elobservatorio.com.mx\/index.php?rest_route=\/wp\/v2\/posts\/1172"}],"collection":[{"href":"https:\/\/elobservatorio.com.mx\/index.php?rest_route=\/wp\/v2\/posts"}],"about":[{"href":"https:\/\/elobservatorio.com.mx\/index.php?rest_route=\/wp\/v2\/types\/post"}],"author":[{"embeddable":true,"href":"https:\/\/elobservatorio.com.mx\/index.php?rest_route=\/wp\/v2\/users\/2"}],"replies":[{"embeddable":true,"href":"https:\/\/elobservatorio.com.mx\/index.php?rest_route=%2Fwp%2Fv2%2Fcomments&post=1172"}],"version-history":[{"count":0,"href":"https:\/\/elobservatorio.com.mx\/index.php?rest_route=\/wp\/v2\/posts\/1172\/revisions"}],"wp:featuredmedia":[{"embeddable":true,"href":"https:\/\/elobservatorio.com.mx\/index.php?rest_route=\/wp\/v2\/media\/1173"}],"wp:attachment":[{"href":"https:\/\/elobservatorio.com.mx\/index.php?rest_route=%2Fwp%2Fv2%2Fmedia&parent=1172"}],"wp:term":[{"taxonomy":"category","embeddable":true,"href":"https:\/\/elobservatorio.com.mx\/index.php?rest_route=%2Fwp%2Fv2%2Fcategories&post=1172"},{"taxonomy":"post_tag","embeddable":true,"href":"https:\/\/elobservatorio.com.mx\/index.php?rest_route=%2Fwp%2Fv2%2Ftags&post=1172"}],"curies":[{"name":"wp","href":"https:\/\/api.w.org\/{rel}","templated":true}]}}