{"id":1217,"date":"2018-12-12T02:15:03","date_gmt":"2018-12-12T02:15:03","guid":{"rendered":"http:\/\/elobservatorio.com.mx\/unidad-esencial-para-enfrentar-riesgos-y-aprovechar-oportunidades-rector"},"modified":"2018-12-12T02:15:11","modified_gmt":"2018-12-12T02:15:11","slug":"unidad-esencial-para-enfrentar-riesgos-y-aprovechar-oportunidades-rector","status":"publish","type":"post","link":"https:\/\/elobservatorio.com.mx\/?p=1217","title":{"rendered":"Unidad, esencial para enfrentar riesgos y aprovechar oportunidades: Rector"},"content":{"rendered":"\n<p><em>*El rector sostuvo un encuentro con presidentes de las sociedades de alumnos de la Federaci\u00f3n de Estudiantes Colimenses (FEC) y con alumnos recientemente nombrados concejales del Consejo Universitario.<\/em><\/p>\n\n\n\n<p>Con un mensaje de unidad y buenos deseos por la \u00e9poca navide\u00f1a, hace unos d\u00edas el rector de la Universidad de Colima, Jos\u00e9 Eduardo Hern\u00e1ndez Nava, se reuni\u00f3 con presidentes de las sociedades de alumnos de la Federaci\u00f3n de Estudiantes Colimenses (FEC) y con alumnos recientemente nombrados concejales del Consejo Universitario.<\/p>\n\n\n\n<p>Durante el evento, varios alumnos participaron con mensajes de unidad y de buenos deseos por los d\u00edas de Navidad y a\u00f1o nuevo, mientras que Joel Nino, presidente de la FEC, al hacer uso del micr\u00f3fono, agradeci\u00f3 el apoyo que el rector le ha brindado a esa federaci\u00f3n, habl\u00f3 de la importancia que tiene para muchos alumnos el fungir como concejales durante los pr\u00f3ximos dos a\u00f1os y dese\u00f3 salud y paz a todos, en especial al rector y su familia.<\/p>\n\n\n\n<p>En entrevista, Nino Jr. dijo que \u201ces una convicci\u00f3n trabajar de manera unida y coordinada, tanto hacia el interior como al exterior, porque entendemos que unade las principales fortalezas que tenemos como Universidad de Colima radica en la unidad. Nosotros, como Federaci\u00f3n de Estudiantes Colimenses, aspiramos aseguir siendo factor de unidad, como lo ha sido durante tantos a\u00f1os en la historia de la Universidad\u201d.<\/p>\n\n\n\n<p>Adelant\u00f3 que habr\u00e1 mucho trabajo en su tercer a\u00f1o al frente de la FEC, en temas como la academia, la cultura, el deporte y la formaci\u00f3n de nuevos l\u00edderes, \u201cpero tambi\u00e9n tendremos que ver c\u00f3mo la reconfiguraci\u00f3n que se ha dado en las esferas gubernamentales va a incidir en los \u00e1mbitos de calidad de vida de los estudiantes, saber en qu\u00e9 aspectos nos podemos involucrar y en qu\u00e9 nos pueden apoyar\u201d. <\/p>\n\n\n\n<p>En su intervenci\u00f3n, el rector Jos\u00e9 Eduardo Hern\u00e1ndez Nava les comparti\u00f3 parte de las actividades p\u00fablicas que realiz\u00f3 en la Ciudad de M\u00e9xico como el gestionar mejores presupuestos para las universidades p\u00fablicas al lado de otros rectores de la Asociaci\u00f3n Nacional de Universidades e Instituciones de Educaci\u00f3n Superior (ANUIES), as\u00ed como de los resultados positivos que tuvo para la UdeC el participar en la Consulta Nacional Educativa aunado a la entrega que se hizo a la C\u00e1mara de Diputados de los estados de cuenta auditados de esta Casa de Estudios.<\/p>\n\n\n\n<p>Dijo tambi\u00e9n que las universidades han solicitado m\u00e1s recursos para seguir cumpliendo sus funciones, ya que como en la UdeC, en muchas universidades se aument\u00f3 la cobertura, se construyeron nuevos edificios, \u201cpero tambi\u00e9n necesitamos recursos econ\u00f3micos para seguir creciendo y ofreciendo educaci\u00f3n de calidad\u201d.<\/p>\n\n\n\n<p>Estos retos, asegur\u00f3 el rector, s\u00f3lo es posible enfrentarlos en unidad, ya que \u201cen los momentos de crisis, lo que ha sacado adelante a la instituci\u00f3n ha sido la unidad, la unidad de todos los sectores, la unidad de la comunidad universitaria, la unidad de la gran familia universitaria, porque como lo he dicho en reiteradas ocasiones, en unidad es como podemos enfrentar los retos que vienen y aprovechar las oportunidades que se presenten, porque as\u00ed lo hemos hecho siempre\u201d.<\/p>\n\n\n\n<p>Agradeci\u00f3 por \u00faltimo a Joel Nino y a la dirigencia de la FEC por aceptar la invitaci\u00f3n al desayuno y reconoci\u00f3 \u201cel trabajo firme y la disposici\u00f3n\u201d de los estudiantes para apoyar a la Universidad y a sus diferentes dependencias, y se dijo \u201cconvencido de que los j\u00f3venes tienen un papel decisivo en el desarrollo de la sociedad, y que mucho de ello se gesta en el transcurso de su formaci\u00f3n, por lo cual celebro que trabajen en ese sentido con un liderazgo transformacional\u201d.<\/p>\n\n\n\n<p>Antes de concluir, les pidi\u00f3 trabajar juntos para evitar conductas de riesgo que pongan en peligro a las nuevas generaciones y estar atentos a las oportunidades del nuevo gobierno federal para apoyar a los j\u00f3venes. Por \u00faltimo, les dese\u00f3 que\u201cesta Navidad pasen tiempo con sus familias, porque \u00e9stas son fechas para la comuni\u00f3n y la uni\u00f3n familiar\u201d.<\/p>\n","protected":false},"excerpt":{"rendered":"<p>*El rector sostuvo un encuentro con presidentes de las sociedades de alumnos de la Federaci\u00f3n de Estudiantes Colimenses (FEC) y con alumnos recientemente nombrados concejales del Consejo Universitario. Con un mensaje de unidad y buenos deseos por la \u00e9poca navide\u00f1a, hace unos d\u00edas el rector de la Universidad de Colima, Jos\u00e9 Eduardo Hern\u00e1ndez Nava, se&#8230;<\/p>\n","protected":false},"author":2,"featured_media":1218,"comment_status":"open","ping_status":"open","sticky":false,"template":"","format":"standard","meta":{"footnotes":""},"categories":[14],"tags":[29,30,28],"class_list":["post-1217","post","type-post","status-publish","format-standard","has-post-thumbnail","hentry","category-educacion-y-cultura","tag-grid","tag-news","tag-slider"],"_links":{"self":[{"href":"https:\/\/elobservatorio.com.mx\/index.php?rest_route=\/wp\/v2\/posts\/1217"}],"collection":[{"href":"https:\/\/elobservatorio.com.mx\/index.php?rest_route=\/wp\/v2\/posts"}],"about":[{"href":"https:\/\/elobservatorio.com.mx\/index.php?rest_route=\/wp\/v2\/types\/post"}],"author":[{"embeddable":true,"href":"https:\/\/elobservatorio.com.mx\/index.php?rest_route=\/wp\/v2\/users\/2"}],"replies":[{"embeddable":true,"href":"https:\/\/elobservatorio.com.mx\/index.php?rest_route=%2Fwp%2Fv2%2Fcomments&post=1217"}],"version-history":[{"count":0,"href":"https:\/\/elobservatorio.com.mx\/index.php?rest_route=\/wp\/v2\/posts\/1217\/revisions"}],"wp:featuredmedia":[{"embeddable":true,"href":"https:\/\/elobservatorio.com.mx\/index.php?rest_route=\/wp\/v2\/media\/1218"}],"wp:attachment":[{"href":"https:\/\/elobservatorio.com.mx\/index.php?rest_route=%2Fwp%2Fv2%2Fmedia&parent=1217"}],"wp:term":[{"taxonomy":"category","embeddable":true,"href":"https:\/\/elobservatorio.com.mx\/index.php?rest_route=%2Fwp%2Fv2%2Fcategories&post=1217"},{"taxonomy":"post_tag","embeddable":true,"href":"https:\/\/elobservatorio.com.mx\/index.php?rest_route=%2Fwp%2Fv2%2Ftags&post=1217"}],"curies":[{"name":"wp","href":"https:\/\/api.w.org\/{rel}","templated":true}]}}