{"id":1220,"date":"2018-12-12T02:25:14","date_gmt":"2018-12-12T02:25:14","guid":{"rendered":"http:\/\/elobservatorio.com.mx\/experto-reflexiona-sobre-amenazas-que-atacan-a-sistemas-costeros"},"modified":"2018-12-12T02:25:21","modified_gmt":"2018-12-12T02:25:21","slug":"experto-reflexiona-sobre-amenazas-que-atacan-a-sistemas-costeros","status":"publish","type":"post","link":"https:\/\/elobservatorio.com.mx\/?p=1220","title":{"rendered":"Experto reflexiona sobre amenazas que atacan a sistemas costeros"},"content":{"rendered":"\n<p><em>*Marco Li\u00f1\u00e1n Cabello particip\u00f3 en el ciclo de charlas sobre temas marinos que realiza la UdeC, en Manzanillo.<\/em><\/p>\n\n\n\n<p>Como parte del programa del ciclo de conferencias que organizan la Facultad de Ciencias Marinas (Facimar) y el Centro Universitario de Investigaciones Oceanol\u00f3gicas (Ceunivo), en d\u00edas pasados el profesor-investigador Marco Agust\u00edn Li\u00f1\u00e1n Cabello habl\u00f3 sobre las amenazas a los sistemas costeros en la Plaza Punto Bah\u00eda de Manzanillo.<\/p>\n\n\n\n<p>En esta charla, abierta y dirigida a todo p\u00fablico, el universitario dio un panorama del desarrollo de los ecosistemas y sus principales afectaciones, e indic\u00f3 que en los mares existe la mayor riqueza gen\u00e9tica, ya que la vida se origin\u00f3 en los ambientes marinos debido a la gran estabilidad ambiental, con variaciones no superiores a los cuatro grados, lo que produce un efecto de cuna para los organismos.<\/p>\n\n\n\n<p>A\u00f1adi\u00f3 que todos los ecosistemas, marinos y terrestres, enfrentan retos y amenazas debido al cambio clim\u00e1tico que produce la acci\u00f3n humana y que hay factores que se deben tomar en cuenta porque aceleran la degradaci\u00f3n de estos sistemas;estos son la urbanizaci\u00f3n de las zonas costeras, extracci\u00f3n de arrecifes de coral, la pesca desmedida, introducci\u00f3n de especies ex\u00f3ticas, deforestaci\u00f3n y contaminaci\u00f3n qu\u00edmica, entre otros.<\/p>\n\n\n\n<p>Indic\u00f3 que existe una sobrepoblaci\u00f3n y, por consiguiente, una transformaci\u00f3n de la zona costera: \u201cEs tanta la necesidad de desarrollo, que se crean expectativas y usos de tecnolog\u00eda, lo que genera impacto ecol\u00f3gico\u201d.<\/p>\n\n\n\n<p>Como ejemplo de lo anterior, coment\u00f3 que en Manzanillo el crecimiento comercial en la playa de La Boquita ha reducido en gran medida la zona de playa, afectando a los organismos marinos: \u201cYa no est\u00e1 la fauna que deber\u00eda estar ah\u00ed\u201d, coment\u00f3.<\/p>\n\n\n\n<p>Otra de las afectaciones, continu\u00f3, es que el parche coralino presente en La Boquita se ha reducido en un 95 por ciento debido al influjo de mareas y otros factores humanos, cambiando el PH del agua y causando estr\u00e9s t\u00e9rmico y sedimentario.<\/p>\n\n\n\n<p>Sobre la presencia de especies ex\u00f3ticas, recalc\u00f3 que da\u00f1an sobremanera a los sistemas, pues \u00e9stas pueden florecer de tal manera que desplazan en su totalidad a las end\u00e9micas, como son los casos del pez diablo y la tilapia.<\/p>\n\n\n\n<p>A\u00f1adi\u00f3 que la contaminaci\u00f3n qu\u00edmica de r\u00edos y sistemas marinos ha producido diversos efectos en los organismos. Existen estudios que evidencian, dijo, la presencia de mutaciones como la disrupci\u00f3n endocrina, que produce cambio de sexo en algunas especies y da\u00f1a el ciclo natural de reproducci\u00f3n, y de tumoraciones y c\u00e1ncer en la fauna marina.<\/p>\n\n\n\n<p>Ante estas afectaciones, el experto invit\u00f3 a los asistentes a reflexionar si en verdad tienen un verdadero inter\u00e9s para preservar el ambiente, pues no se ha actuado de manera pronta y cada d\u00eda se acent\u00faa m\u00e1s la huella negativa del ser humano.<\/p>\n","protected":false},"excerpt":{"rendered":"<p>*Marco Li\u00f1\u00e1n Cabello particip\u00f3 en el ciclo de charlas sobre temas marinos que realiza la UdeC, en Manzanillo. Como parte del programa del ciclo de conferencias que organizan la Facultad de Ciencias Marinas (Facimar) y el Centro Universitario de Investigaciones Oceanol\u00f3gicas (Ceunivo), en d\u00edas pasados el profesor-investigador Marco Agust\u00edn Li\u00f1\u00e1n Cabello habl\u00f3 sobre las amenazas&#8230;<\/p>\n","protected":false},"author":2,"featured_media":1221,"comment_status":"open","ping_status":"open","sticky":false,"template":"","format":"standard","meta":{"footnotes":""},"categories":[14],"tags":[29,30,28],"class_list":["post-1220","post","type-post","status-publish","format-standard","has-post-thumbnail","hentry","category-educacion-y-cultura","tag-grid","tag-news","tag-slider"],"_links":{"self":[{"href":"https:\/\/elobservatorio.com.mx\/index.php?rest_route=\/wp\/v2\/posts\/1220"}],"collection":[{"href":"https:\/\/elobservatorio.com.mx\/index.php?rest_route=\/wp\/v2\/posts"}],"about":[{"href":"https:\/\/elobservatorio.com.mx\/index.php?rest_route=\/wp\/v2\/types\/post"}],"author":[{"embeddable":true,"href":"https:\/\/elobservatorio.com.mx\/index.php?rest_route=\/wp\/v2\/users\/2"}],"replies":[{"embeddable":true,"href":"https:\/\/elobservatorio.com.mx\/index.php?rest_route=%2Fwp%2Fv2%2Fcomments&post=1220"}],"version-history":[{"count":0,"href":"https:\/\/elobservatorio.com.mx\/index.php?rest_route=\/wp\/v2\/posts\/1220\/revisions"}],"wp:featuredmedia":[{"embeddable":true,"href":"https:\/\/elobservatorio.com.mx\/index.php?rest_route=\/wp\/v2\/media\/1221"}],"wp:attachment":[{"href":"https:\/\/elobservatorio.com.mx\/index.php?rest_route=%2Fwp%2Fv2%2Fmedia&parent=1220"}],"wp:term":[{"taxonomy":"category","embeddable":true,"href":"https:\/\/elobservatorio.com.mx\/index.php?rest_route=%2Fwp%2Fv2%2Fcategories&post=1220"},{"taxonomy":"post_tag","embeddable":true,"href":"https:\/\/elobservatorio.com.mx\/index.php?rest_route=%2Fwp%2Fv2%2Ftags&post=1220"}],"curies":[{"name":"wp","href":"https:\/\/api.w.org\/{rel}","templated":true}]}}