{"id":13547,"date":"2020-11-17T14:45:59","date_gmt":"2020-11-17T20:45:59","guid":{"rendered":"http:\/\/elobservatorio.com.mx\/?p=13547"},"modified":"2020-11-17T14:45:59","modified_gmt":"2020-11-17T20:45:59","slug":"el-21-de-noviembre-inicia-recepcion-de-escritos-de-intencion-a-candidaturas-independientes","status":"publish","type":"post","link":"https:\/\/elobservatorio.com.mx\/?p=13547","title":{"rendered":"El 21 de noviembre inicia recepci\u00f3n de escritos de intenci\u00f3n a Candidaturas Independientes"},"content":{"rendered":"<p><em>**Las y los interesados tiene hasta el 30 del mes para entregar sus escritos de intenci\u00f3n **Despu\u00e9s se validar\u00e1n las aspiraciones que haya cumplido con los requisitos legales y requieran obtener el respaldo ciudadano para su registro.<\/em><\/p>\n<p><strong>\u00a0<\/strong>Conforme a lo establecido en el C\u00f3digo Electoral del Estado de Colima, a la Convocatoria de Candidaturas Independientes dada a conocer por el Consejo General desde el pasado 26 de octubre y al Calendario del Proceso Electoral Local 2020-2021; el Instituto Electoral del Estado de Colima comenzar\u00e1 con la\u00a0 recepci\u00f3n de escritos de intenci\u00f3n de aspirantes a Candidaturas Independientes a los distintos cargos de elecci\u00f3n local, a partir del pr\u00f3ximo 21 de noviembre y hasta el d\u00eda 30 del mismo mes.<\/p>\n<p>Entre los requisitos, las y los interesados deben crear una asociaci\u00f3n civil y darla de alta en el Sistema de Administraci\u00f3n Tributaria (SAT), previa autorizaci\u00f3n del uso de la raz\u00f3n social por parte de la Secretar\u00eda de Econom\u00eda; para lo cual, las autoridades del Instituto Electoral del Estado de Colima (IEE), han venido realizando desde semanas atr\u00e1s diferentes acercamientos y gestiones para que las instituciones que llevan a cabo los tr\u00e1mites requeridos, \u00a0prioricen los procedimientos de la ciudadan\u00eda interesada en participar.<\/p>\n<p>Posterior a la etapa de recepci\u00f3n de escritos de intenci\u00f3n, sesionar\u00e1 la Comisi\u00f3n Temporal de Candidaturas Independientes del \u00f3rgano electoral local, presidida por la Consejera Electoral, Rosa Elizabeth Carrillo Ruiz; e integrada por las Consejeras Electorales, Martha Elba Iza Huerta y Ana Florencia Romano S\u00e1nchez; para dictaminar sobre las aspiraciones de la ciudadan\u00eda que haya cumplido con los requisitos legales, para efectos de que sean remitidas y aprobadas, en su caso, por el Consejo General.<\/p>\n<p>La siguiente etapa ser\u00e1 la obtenci\u00f3n del respaldo ciudadano, misma que iniciar\u00e1, para el cargo de la gubernatura del estado, el d\u00eda 10 de diciembre de 2020, y concluir\u00e1 a m\u00e1s tardar el d\u00eda 08 de enero de 2021. Mientras que para el caso de los cargos de diputaciones de mayor\u00eda relativa e integrantes de los ayuntamientos, empezar\u00e1 el 20 de diciembre de 2020 y concluir\u00e1 tambi\u00e9n a m\u00e1s tardar el d\u00eda 08 de enero del pr\u00f3ximo a\u00f1o.<\/p>\n<p>Cabe destacar que para obtener el respaldo ciudadano, las y los ciudadanos que busquen una Candidatura Independiente podr\u00e1n utilizar la Aplicaci\u00f3n M\u00f3vil o el Formato de Manifestaci\u00f3n de Respaldo Ciudadano, y deber\u00e1n observar los lineamientos para garantizar el cumplimiento del principio de paridad de g\u00e9nero en las postulaciones de candidaturas.<\/p>\n<p>Adem\u00e1s, con motivo de la emergencia sanitaria ocasionada por el virus SARS-CoV-2, tendr\u00e1n que atender en todo momento las medidas dispuestas por las autoridades sanitarias federal y local para evitar su contagio y propagaci\u00f3n en cada una de las etapas, especialmente en la de obtenci\u00f3n del respaldo ciudadano; as\u00ed como, las establecidas en el Protocolo de Seguridad Sanitaria ante COVID-19, con el prop\u00f3sito de garantizar su derecho a la salud, as\u00ed como el de la poblaci\u00f3n en general.<\/p>\n<p>Las Consejeras Electorales, Rosa Carrillo, Martha Iza y Flor Romano, invitaron a la ciudadan\u00eda a participar por alg\u00fan cargo p\u00fablico en las elecciones locales de 2021, a trav\u00e9s de las Candidaturas Independientes; y confiaron en que contin\u00fae el inter\u00e9s ciudadano, ya que los requisitos son incluso menos complicados que el proceso electoral pasado, de donde emanaron ciudadanos que actualmente ocupan un cargo p\u00fablico, luego de ganarlo a trav\u00e9s de esta figura.<\/p>\n<p>Por otro lado, con la intenci\u00f3n de que las y los interesados en las Candidaturas Independientes del Proceso Electoral Local 2020-2021, as\u00ed como buscando tener un acercamiento m\u00e1s directo y resolver dudas e inquietudes, las Consejeras Electorales de la Comisi\u00f3n Temporal de Candidaturas Independientes realizaron el pasado 09 de noviembre un conversatorio, el cual puedes volver a ver para conocer m\u00e1s a detalle del tema, a trav\u00e9s de la siguiente direcci\u00f3n:\u00a0 youtu.be\/UsDtw3QwuCM<\/p>\n<p>La Convocatoria de Candidaturas Independientes est\u00e1 abierta desde el pasado 27 de octubre, y puede consultarse en la p\u00e1gina oficial del Instituto Electoral del Estado de Colima, en la siguiente direcci\u00f3n: <a href=\"https:\/\/ieecolima.org.mx\/independientes2021.html\" target=\"_blank\" rel=\"noopener\">https:\/\/ieecolima.org.mx\/independientes2021.html<\/a>; adem\u00e1s, cualquier duda, la ciudadan\u00eda puede pedir m\u00e1s informaci\u00f3n en los Consejos Municipales Electorales, o llamar a la sede del Consejo General al tel\u00e9fono 312 312 0680.<\/p>\n<p>&nbsp;<\/p>\n","protected":false},"excerpt":{"rendered":"<p>**Las y los interesados tiene hasta el 30 del mes para entregar sus escritos de intenci\u00f3n **Despu\u00e9s se validar\u00e1n las aspiraciones que haya cumplido con los requisitos legales y requieran obtener el respaldo ciudadano para su registro. \u00a0Conforme a lo establecido en el C\u00f3digo Electoral del Estado de Colima, a la Convocatoria de Candidaturas Independientes&#8230;<\/p>\n","protected":false},"author":2,"featured_media":13548,"comment_status":"open","ping_status":"open","sticky":false,"template":"","format":"standard","meta":{"footnotes":""},"categories":[52,10],"tags":[29,30,28],"class_list":["post-13547","post","type-post","status-publish","format-standard","has-post-thumbnail","hentry","category-elecciones-2021","category-politica","tag-grid","tag-news","tag-slider"],"_links":{"self":[{"href":"https:\/\/elobservatorio.com.mx\/index.php?rest_route=\/wp\/v2\/posts\/13547"}],"collection":[{"href":"https:\/\/elobservatorio.com.mx\/index.php?rest_route=\/wp\/v2\/posts"}],"about":[{"href":"https:\/\/elobservatorio.com.mx\/index.php?rest_route=\/wp\/v2\/types\/post"}],"author":[{"embeddable":true,"href":"https:\/\/elobservatorio.com.mx\/index.php?rest_route=\/wp\/v2\/users\/2"}],"replies":[{"embeddable":true,"href":"https:\/\/elobservatorio.com.mx\/index.php?rest_route=%2Fwp%2Fv2%2Fcomments&post=13547"}],"version-history":[{"count":0,"href":"https:\/\/elobservatorio.com.mx\/index.php?rest_route=\/wp\/v2\/posts\/13547\/revisions"}],"wp:featuredmedia":[{"embeddable":true,"href":"https:\/\/elobservatorio.com.mx\/index.php?rest_route=\/wp\/v2\/media\/13548"}],"wp:attachment":[{"href":"https:\/\/elobservatorio.com.mx\/index.php?rest_route=%2Fwp%2Fv2%2Fmedia&parent=13547"}],"wp:term":[{"taxonomy":"category","embeddable":true,"href":"https:\/\/elobservatorio.com.mx\/index.php?rest_route=%2Fwp%2Fv2%2Fcategories&post=13547"},{"taxonomy":"post_tag","embeddable":true,"href":"https:\/\/elobservatorio.com.mx\/index.php?rest_route=%2Fwp%2Fv2%2Ftags&post=13547"}],"curies":[{"name":"wp","href":"https:\/\/api.w.org\/{rel}","templated":true}]}}