{"id":2046,"date":"2019-01-31T04:10:40","date_gmt":"2019-01-31T04:10:40","guid":{"rendered":"http:\/\/elobservatorio.com.mx\/en-riesgo-las-exportaciones-mexicanas-por-bloqueos-ferroviarios"},"modified":"2019-01-31T04:10:40","modified_gmt":"2019-01-31T04:10:40","slug":"en-riesgo-las-exportaciones-mexicanas-por-bloqueos-ferroviarios","status":"publish","type":"post","link":"https:\/\/elobservatorio.com.mx\/?p=2046","title":{"rendered":"En riesgo las exportaciones mexicanas por bloqueos ferroviarios"},"content":{"rendered":"<p><em>*El bloqueo de trenes iniciado hace dos semanas por integrantes del magisterio en Michoac\u00e1n afecta las exportaciones mexicanas hacia zonas de Estados Unidos y Asia: Concanaco<\/em><\/p>\n<p>La Confederaci\u00f3n de C\u00e1maras Nacionales de Comercio, Servicios y Turismo (Concanaco Servytur) se uni\u00f3 al llamado hecho por industriales y el sector patronal para que los gobiernos local y federal solucione de forma urgente el bloqueo a v\u00edas f\u00e9rreas que realiza la Coordinadora Nacional de Trabajadores de la educaci\u00f3n en Michoac\u00e1n que afecta a m\u00e1s de 180 trenes y causa p\u00e9rdidas diarias de mil millones de pesos.<\/p>\n<p>La Concanaco advirti\u00f3 que la falta del transporte ferroviario del Puerto de L\u00e1zaro C\u00e1rdenas, Michoac\u00e1n, y Manzanillo, Colima, interrumpe la salida de mercanc\u00edas y distribuci\u00f3n de importaciones de pa\u00edses asi\u00e1ticos hacia otros estados de M\u00e9xico y algunas zonas de Estados Unidos.<\/p>\n<p>De la misma manera, sostuvo, productos mexicanos que llegaban a los puertos de L\u00e1zaro C\u00e1rdenas, Michoac\u00e1n, y Manzanillo, Colima, para ser exportados a pa\u00edses de Asia est\u00e1n detenidos por este problema.<\/p>\n<p>Empresas de L\u00e1zaro C\u00e1rdenas y del estado informaron que a\u00fan no viven una situaci\u00f3n de desabasto de mercanc\u00edas; sin embargo, de prolongarse el bloqueo podr\u00edan presentarse problemas en la comercializaci\u00f3n de mercanc\u00edas en Michoac\u00e1n y otras entidades aleda\u00f1as.<\/p>\n<p>La iniciativa privada que distribuye productos desde el Puerto L\u00e1zaro C\u00e1rdenas y el Puerto de Manzanillo, a\u00f1adi\u00f3 la Concanaco, ya enfrenta mayores costos al reemplazar el uso del ferrocarril por camiones de carga.<\/p>\n<p>En este contexto, expres\u00f3 que el problema \u201cafecta la imagen de M\u00e9xico y con la ley debe resolverse la paralizaci\u00f3n de las v\u00edas de comunicaci\u00f3n, en un estado en donde es tan importante la producci\u00f3n agr\u00edcola\u201d.<\/p>\n<p>Subray\u00f3 que todos los mexicanos tienen derecho a protestar, pero no pueden afectar a la productividad, a la competitividad del pa\u00eds, ni al patrimonio y bienes de los dem\u00e1s.<\/p>\n","protected":false},"excerpt":{"rendered":"<p>*El bloqueo de trenes iniciado hace dos semanas por integrantes del magisterio en Michoac\u00e1n afecta las exportaciones mexicanas hacia zonas de Estados Unidos y Asia: Concanaco La Confederaci\u00f3n de C\u00e1maras Nacionales de Comercio, Servicios y Turismo (Concanaco Servytur) se uni\u00f3 al llamado hecho por industriales y el sector patronal para que los gobiernos local y&#8230;<\/p>\n","protected":false},"author":2,"featured_media":2047,"comment_status":"open","ping_status":"open","sticky":false,"template":"","format":"standard","meta":{"footnotes":""},"categories":[17],"tags":[29,30,28],"class_list":["post-2046","post","type-post","status-publish","format-standard","has-post-thumbnail","hentry","category-economia-y-negocios","tag-grid","tag-news","tag-slider"],"_links":{"self":[{"href":"https:\/\/elobservatorio.com.mx\/index.php?rest_route=\/wp\/v2\/posts\/2046"}],"collection":[{"href":"https:\/\/elobservatorio.com.mx\/index.php?rest_route=\/wp\/v2\/posts"}],"about":[{"href":"https:\/\/elobservatorio.com.mx\/index.php?rest_route=\/wp\/v2\/types\/post"}],"author":[{"embeddable":true,"href":"https:\/\/elobservatorio.com.mx\/index.php?rest_route=\/wp\/v2\/users\/2"}],"replies":[{"embeddable":true,"href":"https:\/\/elobservatorio.com.mx\/index.php?rest_route=%2Fwp%2Fv2%2Fcomments&post=2046"}],"version-history":[{"count":0,"href":"https:\/\/elobservatorio.com.mx\/index.php?rest_route=\/wp\/v2\/posts\/2046\/revisions"}],"wp:featuredmedia":[{"embeddable":true,"href":"https:\/\/elobservatorio.com.mx\/index.php?rest_route=\/wp\/v2\/media\/2047"}],"wp:attachment":[{"href":"https:\/\/elobservatorio.com.mx\/index.php?rest_route=%2Fwp%2Fv2%2Fmedia&parent=2046"}],"wp:term":[{"taxonomy":"category","embeddable":true,"href":"https:\/\/elobservatorio.com.mx\/index.php?rest_route=%2Fwp%2Fv2%2Fcategories&post=2046"},{"taxonomy":"post_tag","embeddable":true,"href":"https:\/\/elobservatorio.com.mx\/index.php?rest_route=%2Fwp%2Fv2%2Ftags&post=2046"}],"curies":[{"name":"wp","href":"https:\/\/api.w.org\/{rel}","templated":true}]}}