{"id":20577,"date":"2022-01-26T12:01:25","date_gmt":"2022-01-26T18:01:25","guid":{"rendered":"http:\/\/elobservatorio.com.mx\/?p=20577"},"modified":"2022-01-26T12:01:25","modified_gmt":"2022-01-26T18:01:25","slug":"pide-la-comision-permanente-reforzar-programas-de-salud-mental","status":"publish","type":"post","link":"https:\/\/elobservatorio.com.mx\/?p=20577","title":{"rendered":"Pide la Comisi\u00f3n Permanente reforzar programas de salud mental"},"content":{"rendered":"<p><em>*Aval\u00f3 dictamen con punto de acuerdo de la Segunda Comisi\u00f3n sobre el tema\u00a0<\/em><\/p>\n<p><em>*Debemos ser capaces de responder r\u00e1pidamente en esta \u00e1rea: diputada Terrazas Baca (PAN)<\/em><\/p>\n<p>En votaci\u00f3n econ\u00f3mica, la Comisi\u00f3n Permanente aprob\u00f3 el dictamen con punto de acuerdo que exhorta a la Secretar\u00eda de Salud y a sus hom\u00f3logas en las 32 entidades federativas, a reforzar los programas de salud mental, particularmente los protocolos en materia de prevenci\u00f3n y atenci\u00f3n del suicidio.<\/p>\n<p>El suicidio, cuarta causa de muerte entre j\u00f3venes de 15 a 19 a\u00f1os<\/p>\n<p>Al fundamentar el dictamen, la presidenta de la Segunda Comisi\u00f3n: Relaciones Exteriores, Defensa Nacional y Educaci\u00f3n P\u00fablica, diputada Patricia Terrazas Baca (PAN), expres\u00f3 que, de acuerdo con la Organizaci\u00f3n Mundial de la Salud, el suicidio es la cuarta causa de muerte entre j\u00f3venes de 15 a 19 a\u00f1os, y el 77 por ciento de los suicidios se produce en los pa\u00edses de ingresos bajos y medianos.<\/p>\n<p>Cada a\u00f1o, dijo, cerca de 703 mil personas se quitan la vida y muchas m\u00e1s intentan hacerlo. \u201cEs una tragedia que afecta a las familias, comunidades y pa\u00edses porque tiene efectos duraderos para los allegados de la v\u00edctima\u201d.<\/p>\n<p>Mencion\u00f3 que ello ha llevado al incremento preocupante en el consumo de antidepresivos y ansiol\u00edticos, lo que prende focos rojos, toda vez que ha venido acompa\u00f1ado de un aumento en el n\u00famero de suicidios.<\/p>\n<p>Estar\u00edamos ya no solamente ante un problema de salud mental, sino frente a un problema de salud p\u00fablica. Esta situaci\u00f3n debe ser atendida inmediatamente por las autoridades federales y locales, afirm\u00f3.<\/p>\n<p>Terrazas Baca expuso que se est\u00e1 ante una crisis mundial agravada por el confinamiento y disminuci\u00f3n de la movilidad producto de la pandemia. Desde el Legislativo y el Estado \u201cdebemos ser capaces de responder r\u00e1pidamente para salvaguardar la salud mental de la gente que est\u00e1 pasando situaciones in\u00e9ditas. Es fundamental que juntos hagamos todo lo posible para regresar lo antes posible a una estabilidad emocional que tanto urge\u201d.<\/p>\n<p>A\u00f1adi\u00f3 que, de acuerdo con el Inegi, en 2021 sucedieron siete mil 818 fallecimientos por lesiones autoinfligidas en el pa\u00eds, lo que representa 0.7 por ciento de total de muertes en el a\u00f1o y una tasa de suicidio de 6.2 por cada cien mil habitantes.<\/p>\n<p>Especific\u00f3 que la tasa de suicidio es m\u00e1s alta en el grupo de j\u00f3venes de 18 a 29 a\u00f1os, ya que presentan 10.7 decesos por esta causa en cada cien mil j\u00f3venes.<\/p>\n<p>Las entidades de mayor tasa de fallecimientos por lesiones autoinfligidas por cada cien mil habitantes, dijo, son Chihuahua, con 14.0; Aguascalientes, 11.1 y Yucat\u00e1n, 10.2.<\/p>\n<p>Previamente, la Mesa Directiva de la Permanente inform\u00f3 que recibi\u00f3 solicitud de la presidencia de la Segunda Comisi\u00f3n de Trabajo para retirar del orden del d\u00eda los dict\u00e1menes de la instancia, enlistados con los n\u00fameros 1 y 2 del orden del d\u00eda.\u00a0 En acuerdo con los grupos parlamentarios, se obsequi\u00f3 la petici\u00f3n.<\/p>\n","protected":false},"excerpt":{"rendered":"<p>*Aval\u00f3 dictamen con punto de acuerdo de la Segunda Comisi\u00f3n sobre el tema\u00a0 *Debemos ser capaces de responder r\u00e1pidamente en esta \u00e1rea: diputada Terrazas Baca (PAN) En votaci\u00f3n econ\u00f3mica, la Comisi\u00f3n Permanente aprob\u00f3 el dictamen con punto de acuerdo que exhorta a la Secretar\u00eda de Salud y a sus hom\u00f3logas en las 32 entidades federativas,&#8230;<\/p>\n","protected":false},"author":2,"featured_media":20578,"comment_status":"open","ping_status":"open","sticky":false,"template":"","format":"standard","meta":{"footnotes":""},"categories":[1],"tags":[29,30,28],"class_list":["post-20577","post","type-post","status-publish","format-standard","has-post-thumbnail","hentry","category-espacio-legislativo","tag-grid","tag-news","tag-slider"],"_links":{"self":[{"href":"https:\/\/elobservatorio.com.mx\/index.php?rest_route=\/wp\/v2\/posts\/20577"}],"collection":[{"href":"https:\/\/elobservatorio.com.mx\/index.php?rest_route=\/wp\/v2\/posts"}],"about":[{"href":"https:\/\/elobservatorio.com.mx\/index.php?rest_route=\/wp\/v2\/types\/post"}],"author":[{"embeddable":true,"href":"https:\/\/elobservatorio.com.mx\/index.php?rest_route=\/wp\/v2\/users\/2"}],"replies":[{"embeddable":true,"href":"https:\/\/elobservatorio.com.mx\/index.php?rest_route=%2Fwp%2Fv2%2Fcomments&post=20577"}],"version-history":[{"count":0,"href":"https:\/\/elobservatorio.com.mx\/index.php?rest_route=\/wp\/v2\/posts\/20577\/revisions"}],"wp:featuredmedia":[{"embeddable":true,"href":"https:\/\/elobservatorio.com.mx\/index.php?rest_route=\/wp\/v2\/media\/20578"}],"wp:attachment":[{"href":"https:\/\/elobservatorio.com.mx\/index.php?rest_route=%2Fwp%2Fv2%2Fmedia&parent=20577"}],"wp:term":[{"taxonomy":"category","embeddable":true,"href":"https:\/\/elobservatorio.com.mx\/index.php?rest_route=%2Fwp%2Fv2%2Fcategories&post=20577"},{"taxonomy":"post_tag","embeddable":true,"href":"https:\/\/elobservatorio.com.mx\/index.php?rest_route=%2Fwp%2Fv2%2Ftags&post=20577"}],"curies":[{"name":"wp","href":"https:\/\/api.w.org\/{rel}","templated":true}]}}