{"id":2378,"date":"2019-02-13T05:36:00","date_gmt":"2019-02-13T05:36:00","guid":{"rendered":"http:\/\/elobservatorio.com.mx\/recibe-udec-visita-del-club-de-ciencias-de-armeria"},"modified":"2019-02-13T05:36:00","modified_gmt":"2019-02-13T05:36:00","slug":"recibe-udec-visita-del-club-de-ciencias-de-armeria","status":"publish","type":"post","link":"https:\/\/elobservatorio.com.mx\/?p=2378","title":{"rendered":"Recibe UdeC visita del Club de Ciencias de Armer\u00eda"},"content":{"rendered":"<p><em>Estudiantes de la Secundaria \u201cAntonio Barbosa Heltd\u201d, de Armer\u00eda, conocieron las instalaciones del Centro de Estudios sobre la Cuenca del Pac\u00edfico as\u00ed como la labor de sus investigadores.<\/em><\/p>\n<p>El Centro Universitario de Estudios e Investigaciones sobre la Cuenca del Pac\u00edfico-Centro de Estudios APEC (CUEICP-CEAPEC) de la Universidad de Colima recibi\u00f3 hace unos d\u00edas a un grupo de estudiantes de la Secundaria \u201cAntonio Barbosa Heltd\u201d de Armer\u00eda, quienes acudieron acompa\u00f1ados por Elena Robles Kosonoy, del Consejo Estatal de Ciencia y Tecnolog\u00eda del Estado de Colima (Cecytcol).<\/p>\n<p>La visita cumpli\u00f3 el objetivo de impulsar y fomentar la formaci\u00f3n de una cultura cient\u00edfica, tecnol\u00f3gica y de innovaci\u00f3n para contribuir al desarrollo econ\u00f3mico, social y cultural de Colima y del pa\u00eds.<\/p>\n<p>Los alumnos pudieron conocer de cerca los estudios sobre la Cuenca del Pac\u00edfico que se realizan en la UdeC y realizaron un recorrido por las instalaciones de este centro de estudios. Adem\u00e1s, la profesora Maricela Reyes L\u00f3pez les ofreci\u00f3 una charla explic\u00e1ndoles lo que se hace en el centro, los temas que se investigan, c\u00f3mo se difunden todos los resultados, cu\u00e1les son los prop\u00f3sitos, objetivos y metas, y c\u00f3mo esto contribuye a la sociedad.<\/p>\n<p>Al realizar el recorrido, acompa\u00f1ados tambi\u00e9n por Ihovan Pineda, responsable de comunicaci\u00f3n y vinculaci\u00f3n, los estudiantes fueron recibidos en los cub\u00edculos de los profesores Martha Loaiza, Lim Su Jin y J\u00fcrgen Haberleithner, quienes charlaron con los j\u00f3venes sobre los temas que trabajan y de qu\u00e9 nacionalidad son. Adem\u00e1s, los invitaron a que se acerquen a este centro de investigaci\u00f3n.<\/p>\n<p>Para finalizar la visita, los estudiantes recibieron informaci\u00f3n sobre los eventos que realiza el CUEICP-CEAPEC, sus p\u00e1ginas web, se tomaron la foto grupal y Maricela Reyes L\u00f3pez les agradeci\u00f3, a nombre del director del centro, Jos\u00e9 Ernesto Rangel Delgado, la visita, y felicit\u00f3 al Cecytcol por este programa de visitas guiadas de clubes de ciencias de Colima.<\/p>\n<p>&nbsp;<\/p>\n","protected":false},"excerpt":{"rendered":"<p>Estudiantes de la Secundaria \u201cAntonio Barbosa Heltd\u201d, de Armer\u00eda, conocieron las instalaciones del Centro de Estudios sobre la Cuenca del Pac\u00edfico as\u00ed como la labor de sus investigadores. El Centro Universitario de Estudios e Investigaciones sobre la Cuenca del Pac\u00edfico-Centro de Estudios APEC (CUEICP-CEAPEC) de la Universidad de Colima recibi\u00f3 hace unos d\u00edas a un&#8230;<\/p>\n","protected":false},"author":2,"featured_media":2379,"comment_status":"open","ping_status":"open","sticky":false,"template":"","format":"standard","meta":{"footnotes":""},"categories":[14],"tags":[29,30,28],"class_list":["post-2378","post","type-post","status-publish","format-standard","has-post-thumbnail","hentry","category-educacion-y-cultura","tag-grid","tag-news","tag-slider"],"_links":{"self":[{"href":"https:\/\/elobservatorio.com.mx\/index.php?rest_route=\/wp\/v2\/posts\/2378"}],"collection":[{"href":"https:\/\/elobservatorio.com.mx\/index.php?rest_route=\/wp\/v2\/posts"}],"about":[{"href":"https:\/\/elobservatorio.com.mx\/index.php?rest_route=\/wp\/v2\/types\/post"}],"author":[{"embeddable":true,"href":"https:\/\/elobservatorio.com.mx\/index.php?rest_route=\/wp\/v2\/users\/2"}],"replies":[{"embeddable":true,"href":"https:\/\/elobservatorio.com.mx\/index.php?rest_route=%2Fwp%2Fv2%2Fcomments&post=2378"}],"version-history":[{"count":0,"href":"https:\/\/elobservatorio.com.mx\/index.php?rest_route=\/wp\/v2\/posts\/2378\/revisions"}],"wp:featuredmedia":[{"embeddable":true,"href":"https:\/\/elobservatorio.com.mx\/index.php?rest_route=\/wp\/v2\/media\/2379"}],"wp:attachment":[{"href":"https:\/\/elobservatorio.com.mx\/index.php?rest_route=%2Fwp%2Fv2%2Fmedia&parent=2378"}],"wp:term":[{"taxonomy":"category","embeddable":true,"href":"https:\/\/elobservatorio.com.mx\/index.php?rest_route=%2Fwp%2Fv2%2Fcategories&post=2378"},{"taxonomy":"post_tag","embeddable":true,"href":"https:\/\/elobservatorio.com.mx\/index.php?rest_route=%2Fwp%2Fv2%2Ftags&post=2378"}],"curies":[{"name":"wp","href":"https:\/\/api.w.org\/{rel}","templated":true}]}}