{"id":2471,"date":"2019-02-18T22:41:34","date_gmt":"2019-02-18T22:41:34","guid":{"rendered":"http:\/\/elobservatorio.com.mx\/comparecen-a-puerta-cerrada-ante-el-congreso-el-fiscal-y-los-secretarios-de-seguridad-y-movilidad"},"modified":"2019-02-18T22:41:34","modified_gmt":"2019-02-18T22:41:34","slug":"comparecen-a-puerta-cerrada-ante-el-congreso-el-fiscal-y-los-secretarios-de-seguridad-y-movilidad","status":"publish","type":"post","link":"https:\/\/elobservatorio.com.mx\/?p=2471","title":{"rendered":"Comparecen a puerta cerrada ante el congreso el Fiscal y los secretarios de Seguridad y Movilidad"},"content":{"rendered":"<p><em>*Fueron reuniones en privado, por \u201ctemor\u201d a la presencia de \u201cgrupos radicales\u201d.<\/em><\/p>\n<p>Por \u201ctemor\u201d a manifestaciones, interrupciones, protestas de \u201cgrupos radicales\u201d e \u201cinconformes\u201d, comparecieron este d\u00eda \u201cen privado y a puerta cerrada\u201d ante los diputados de la Quincuag\u00e9sima Novena Legislatura Local el Fiscal General del Estado y los secretarios de Seguridad P\u00fablica y de Movilidad, Gabriel Verduzco Rodr\u00edguez, Enrique Alberto Sanmiguel S\u00e1nchez y Rafael Mart\u00ednez Brun, respectivamente.<\/p>\n<p>Los tres funcionarios fueron recibidos por separado por los diputados locales en Sala de Juntas \u201cFrancisco J. M\u00fajica\u201d, a donde se prohibi\u00f3 el ingreso de medios de comunicaci\u00f3n y de diversos grupos de ciudadanos que esperaban estar presentes en la comparecencia de los tres funcionarios y exponer situaciones que les afectan.<\/p>\n<p>El Fiscal General del Estado, Gabriel Verduzco Rodr\u00edguez, fue convocado por los diputados para que dieran a conocer informaci\u00f3n relevante sobre el hallazgo de 69 \u201cfosas clandestinas\u201d en la que se encontraron 49 cuerpos sin vida, en un predio ubicado en el municipio de Tecom\u00e1n.<\/p>\n<p>En tanto, el secretario de Seguridad P\u00fablica, Enrique Alberto Sanmiguel S\u00e1nchez, por segunda ocasi\u00f3n en menos de una semana, tuvo que estar reunido con los diputados para explicar las acciones preventivas que la corporaci\u00f3n a su cargo para brindar seguridad a las mujeres, una vez que se han reportado a trav\u00e9s de las llamadas redes sociales agresiones en contra de este sector.<\/p>\n<p>En tanto que el Secretario de Movilidad del Gobierno del Estado, Rafael Mart\u00ednez Brun, tuvo que comparecer para hablar sobre las acciones que se realizan en contra de aquellas tecnolog\u00edas que se vienen aplicando en el Estado de Colima, para brindar el servicio de taxi privado y que en varias de ellas hay irregularidades; adem\u00e1s de hablar sobre la operaci\u00f3n de moto taxis en el Estado.<\/p>\n<p>Cabe mencionar que diversos grupos de ciudadanos se quedaron con las ganas de estar presentes en estas comparecencias.<\/p>\n<p>TRANSPORTE<\/p>\n<p>Luego de sostener una reuni\u00f3n con los legisladores locales, en especial con la Comisi\u00f3n de Comunicaciones, Transportes y Movilidad del Congreso del Estado, el Secretario de Movilidad del Gobierno del Estado, Rafael Mart\u00ednez Brun, declaro que son cuatro las plataformas existentes para taxis privados que est\u00e1n debidamente registradas y solo tienen nueve unidades para brindar el servicio.<\/p>\n<p>Hizo saber a los legisladores locales de los operativos que se realizaron durante el fin de semana se detuvieron tres unidades, por prestar de forma irregular el servicio de taxi.<\/p>\n<p>Aseguro que los operativos se realizar\u00e1n de forma permanente y que las unidades aseguradas no ten\u00edan ni logotipo, ni estaban pintados de amarillo, mucho menos ten\u00edan n\u00famero econ\u00f3mico.<\/p>\n<p>Las cuatro aplicaciones comerciales que est\u00e1n autorizadas para prestar el servicio de taxi, dio a conocer que son: Aldar, Choferes exclusivos, A de Colima y Transportes Selectos, aclarando que solo el primero tiene las nueve unidades de taxi y que el permiso que da la Secretar\u00eda de Movilidad, es solamente por un a\u00f1o, dado que no son concesiones y por ende se tienen que renovar anualmente.<\/p>\n<p>FISCALIA<\/p>\n<p>En tanto, el Fiscal General del Estado, Gabriel Verduzco, dio a conocer que las investigaciones sobras las \u201cfosas clandestinas\u201d avanzan y se espera que en breve se tengan resultados.<\/p>\n<p>Habl\u00f3 sobre los ex\u00e1menes de ADN que se aplica a familiares de desaparecidos en el Estado.<\/p>\n<p>El funcionario dio a conocer que no se pudo abundar gran cosa sobre el tema, debido a la secrec\u00eda de las indagatorias y al debido proceso. Sin embargo, reiter\u00f3 que se avanza en el tema con la coordinaci\u00f3n de autoridades del Gobierno Federal.<\/p>\n","protected":false},"excerpt":{"rendered":"<p>*Fueron reuniones en privado, por \u201ctemor\u201d a la presencia de \u201cgrupos radicales\u201d. Por \u201ctemor\u201d a manifestaciones, interrupciones, protestas de \u201cgrupos radicales\u201d e \u201cinconformes\u201d, comparecieron este d\u00eda \u201cen privado y a puerta cerrada\u201d ante los diputados de la Quincuag\u00e9sima Novena Legislatura Local el Fiscal General del Estado y los secretarios de Seguridad P\u00fablica y de Movilidad,&#8230;<\/p>\n","protected":false},"author":2,"featured_media":2473,"comment_status":"open","ping_status":"open","sticky":false,"template":"","format":"standard","meta":{"footnotes":""},"categories":[1],"tags":[29,30,28],"class_list":["post-2471","post","type-post","status-publish","format-standard","has-post-thumbnail","hentry","category-espacio-legislativo","tag-grid","tag-news","tag-slider"],"_links":{"self":[{"href":"https:\/\/elobservatorio.com.mx\/index.php?rest_route=\/wp\/v2\/posts\/2471"}],"collection":[{"href":"https:\/\/elobservatorio.com.mx\/index.php?rest_route=\/wp\/v2\/posts"}],"about":[{"href":"https:\/\/elobservatorio.com.mx\/index.php?rest_route=\/wp\/v2\/types\/post"}],"author":[{"embeddable":true,"href":"https:\/\/elobservatorio.com.mx\/index.php?rest_route=\/wp\/v2\/users\/2"}],"replies":[{"embeddable":true,"href":"https:\/\/elobservatorio.com.mx\/index.php?rest_route=%2Fwp%2Fv2%2Fcomments&post=2471"}],"version-history":[{"count":0,"href":"https:\/\/elobservatorio.com.mx\/index.php?rest_route=\/wp\/v2\/posts\/2471\/revisions"}],"wp:featuredmedia":[{"embeddable":true,"href":"https:\/\/elobservatorio.com.mx\/index.php?rest_route=\/wp\/v2\/media\/2473"}],"wp:attachment":[{"href":"https:\/\/elobservatorio.com.mx\/index.php?rest_route=%2Fwp%2Fv2%2Fmedia&parent=2471"}],"wp:term":[{"taxonomy":"category","embeddable":true,"href":"https:\/\/elobservatorio.com.mx\/index.php?rest_route=%2Fwp%2Fv2%2Fcategories&post=2471"},{"taxonomy":"post_tag","embeddable":true,"href":"https:\/\/elobservatorio.com.mx\/index.php?rest_route=%2Fwp%2Fv2%2Ftags&post=2471"}],"curies":[{"name":"wp","href":"https:\/\/api.w.org\/{rel}","templated":true}]}}