{"id":2475,"date":"2019-02-18T22:48:27","date_gmt":"2019-02-18T22:48:27","guid":{"rendered":"http:\/\/elobservatorio.com.mx\/estados-que-no-capaciten-policias-pagaran-uso-de-guardia-nacional"},"modified":"2019-02-18T22:51:12","modified_gmt":"2019-02-18T22:51:12","slug":"estados-que-no-capaciten-policias-pagaran-uso-de-guardia-nacional","status":"publish","type":"post","link":"https:\/\/elobservatorio.com.mx\/?p=2475","title":{"rendered":"Estados que no capaciten polic\u00edas pagar\u00e1n uso de Guardia Nacional"},"content":{"rendered":"<p><em>*Cr\u00edtica Ricardo Monreal que distintas autoridades como presidentes municipales e incluso gobernadores, que solicitaban apoyo, a trav\u00e9s del gobierno federal, de las Fuerzas Armadas, no contribu\u00edan con ning\u00fan recurso para combatir la criminalidad de su estado.<\/em><\/p>\n<p>Una vez concluidos los Foros de parlamento abierto, la Guardia Nacional entr\u00f3 a su fase final en el Senado donde Morena empuja para aprobarla en los pr\u00f3ximos d\u00edas con los cambios que plante\u00f3 el presidente Andr\u00e9s Manuel L\u00f3pez Obrador, pero tambi\u00e9n propone otras modificaciones como el que los estados y municipios pagar\u00e1n con participaciones federales el uso de la Guardia Nacional si no preparan y capacitan a sus polic\u00edas.<\/p>\n<p>\u201cEliminar la propuesta para que la Federaci\u00f3n tenga atribuciones de revisar las polic\u00edas estatales y en caso de no ser as\u00ed, cobrar a los gobiernos locales, de las participaciones federales, la de la Guardia Nacional en las entidades intervenidas\u201d, establece como una de las modificaciones que buscan realizar a la minuta que les envi\u00f3 la C\u00e1mara de Diputados.<\/p>\n<p>Una de las principales cr\u00edticas que se ha hecho a los gobiernos estatales es que han dejado pasar el tiempo y nunca prepararon ni capacitaron polic\u00edas capaces de enfrentar el crimen organizado.<\/p>\n<p>El documento que distribuy\u00f3 el coordinador de los senadores de Morena, Ricardo Monreal entre su bancada de cara a la discusi\u00f3n de la Guardia Nacional en estos d\u00edas, critica que distintas autoridades como presidentes municipales e incluso gobernadores, que solicitaban apoyo, a trav\u00e9s del gobierno federal, de las Fuerzas Armadas, no contribu\u00edan con ning\u00fan recurso para combatir la criminalidad de su estado.<\/p>\n<p>Sin embargo, de cara a la ciudadan\u00eda demandaban la desmilitarizaci\u00f3n del pa\u00eds. \u201cPero hoy, sin temor alguno deben utilizar parte de los recursos de sus estados, para formar parte abierta y real del combate a la delincuencia\u201d.<\/p>\n<p>Monreal plante\u00f3 a sus senadores una ruta y argumentos para la discusi\u00f3n de la Guardia Nacional en la que plantea 7 modificaciones a la minuta que aprob\u00f3 la C\u00e1mara de Diputados en enero pasado donde recalca que la direcci\u00f3n de esta corporaci\u00f3n tendr\u00e1 un car\u00e1cter civil.<\/p>\n<p>Asimismo dejar intocadas las competencias federales de los estados y de los municipios, en materia de seguridad p\u00fablica, fortalecer los mecanismos de colaboraci\u00f3n entre los tres niveles de gobierno.<\/p>\n<p>Tambi\u00e9n, considerar una ruta para el fortalecimiento de los cuerpos policiacos, crear una Guardia de polic\u00edas para el uso de la fuerza, con formaci\u00f3n y capacitaci\u00f3n en derechos humanos y en materia de g\u00e9nero.<\/p>\n<p>De igual manera, considerar mecanismos de control pol\u00edtico y jurisdiccional para la evaluaci\u00f3n de su desempe\u00f1o, a trav\u00e9s del Senado de la Rep\u00fablica, y el pagar con participaciones federales el uso de la Guardia Nacional si no preparan y capacitan a sus polic\u00edas.<\/p>\n<p>RESTITUIR ART\u00cdCULOS.<\/p>\n<p>En el documento Monreal recalca a sus senadores la necesidad de \u201crestituir\u201d, el art\u00edculo transitorio que habla sobre la temporalidad de las fuerzas armadas en las calles, que fue desechado por los diputados y que el presidente L\u00f3pez Obrador demand\u00f3 que se regresara, entre otros puntos.<\/p>\n<p>\u201cRestituir el art\u00edculo transitorio que establece que de manera excepcional, en tanto la Guardia Nacional desarrolla su estructura, capacidades e implantaci\u00f3n territorial, la Fuerza Armada Permanente seguir\u00e1 prestando su colaboraci\u00f3n para la Seguridad P\u00fablica\u201d, establece.<\/p>\n<p>Lo anterior, explica, porque los diputados modificaron el Cuarto transitorio y elimin\u00f3 el Quinto transitorio, lo cual deriv\u00f3 en que los elementos de las Fuerzas Armadas y la Marina, as\u00ed como la Sedena, no puedan intervenir en cuestiones de seguridad p\u00fablica dado que el Art\u00edculo 129 constitucional se los proh\u00edbe.<\/p>\n<p>Monreal advierte que si en la minuta no se restituye este art\u00edculo o una modificaci\u00f3n que otorgue el sustento constitucional para que las corporaciones castrenses puedan participar en cuestiones de seguridad p\u00fablica de manera temporal, tendr\u00edamos como resultado un modelo semejante al que actualmente prevalece en el que las fuerzas armadas han venido actuando en estas tareas sin el marco constitucional debido.<\/p>\n<p>\u201cDada la emergencia que vive el pa\u00eds, es imprescindible asumir el reto de la inseguridad como una responsabilidad del Estado mexicano; que involucre a todos los poderes y a todos los niveles de gobierno\u201d, seg\u00fan el documento de la Estrategia Nacional de Seguridad P\u00fablica que lleg\u00f3 al Senado.<\/p>\n<p>De esta manera, el gobierno federal establece que se coordinar\u00e1 con los gobiernos estatales, municipales y de la capital del pa\u00eds de una manera m\u00e1s estrecha para focalizar los esfuerzos del combate a los delitos que m\u00e1s aquejan a los mexicanos en aquellas zonas de mayor delincuencia.<\/p>\n<p>\u201cEn esta etapa de emergencia que vive el pa\u00eds en materia de inseguridad es una obligaci\u00f3n pol\u00edtica elemental promover el entendimiento, la voluntad y la identificaci\u00f3n en fines comunes entre los tres niveles de gobierno para contener, reducir y eliminar la espiral de violencia criminal que azota al pa\u00eds. No se trata de privilegiar los intereses de un partido o del gobierno, sino de la Rep\u00fablica. Mientras alguna autoridad se debate en conflictos pol\u00edticos, el crimen avanza de manera organizada\u201d, concluy\u00f3.<\/p>\n","protected":false},"excerpt":{"rendered":"<p>*Cr\u00edtica Ricardo Monreal que distintas autoridades como presidentes municipales e incluso gobernadores, que solicitaban apoyo, a trav\u00e9s del gobierno federal, de las Fuerzas Armadas, no contribu\u00edan con ning\u00fan recurso para combatir la criminalidad de su estado. Una vez concluidos los Foros de parlamento abierto, la Guardia Nacional entr\u00f3 a su fase final en el Senado&#8230;<\/p>\n","protected":false},"author":2,"featured_media":2478,"comment_status":"open","ping_status":"open","sticky":false,"template":"","format":"standard","meta":{"footnotes":""},"categories":[15],"tags":[29,30,28],"class_list":["post-2475","post","type-post","status-publish","format-standard","has-post-thumbnail","hentry","category-seguridad-y-justicia","tag-grid","tag-news","tag-slider"],"_links":{"self":[{"href":"https:\/\/elobservatorio.com.mx\/index.php?rest_route=\/wp\/v2\/posts\/2475"}],"collection":[{"href":"https:\/\/elobservatorio.com.mx\/index.php?rest_route=\/wp\/v2\/posts"}],"about":[{"href":"https:\/\/elobservatorio.com.mx\/index.php?rest_route=\/wp\/v2\/types\/post"}],"author":[{"embeddable":true,"href":"https:\/\/elobservatorio.com.mx\/index.php?rest_route=\/wp\/v2\/users\/2"}],"replies":[{"embeddable":true,"href":"https:\/\/elobservatorio.com.mx\/index.php?rest_route=%2Fwp%2Fv2%2Fcomments&post=2475"}],"version-history":[{"count":0,"href":"https:\/\/elobservatorio.com.mx\/index.php?rest_route=\/wp\/v2\/posts\/2475\/revisions"}],"wp:featuredmedia":[{"embeddable":true,"href":"https:\/\/elobservatorio.com.mx\/index.php?rest_route=\/wp\/v2\/media\/2478"}],"wp:attachment":[{"href":"https:\/\/elobservatorio.com.mx\/index.php?rest_route=%2Fwp%2Fv2%2Fmedia&parent=2475"}],"wp:term":[{"taxonomy":"category","embeddable":true,"href":"https:\/\/elobservatorio.com.mx\/index.php?rest_route=%2Fwp%2Fv2%2Fcategories&post=2475"},{"taxonomy":"post_tag","embeddable":true,"href":"https:\/\/elobservatorio.com.mx\/index.php?rest_route=%2Fwp%2Fv2%2Ftags&post=2475"}],"curies":[{"name":"wp","href":"https:\/\/api.w.org\/{rel}","templated":true}]}}