{"id":2479,"date":"2019-02-18T22:56:16","date_gmt":"2019-02-18T22:56:16","guid":{"rendered":"http:\/\/elobservatorio.com.mx\/comala-se-une-a-la-ruta-cultural-en-honor-a-juan-rulfo"},"modified":"2019-02-18T22:56:16","modified_gmt":"2019-02-18T22:56:16","slug":"comala-se-une-a-la-ruta-cultural-en-honor-a-juan-rulfo","status":"publish","type":"post","link":"https:\/\/elobservatorio.com.mx\/?p=2479","title":{"rendered":"Comala se une a la Ruta Cultural en honor a Juan Rulfo"},"content":{"rendered":"<p><em>*Para fortalecer este recorrido, el Consejo Regulador del Tequila (CRT), La Ruta del Tequila y la Ruta el Realismo M\u00e1gico de Juan, firmaron un convenio para sentar las bases de cooperaci\u00f3n para promover un esquema de intercambio cultural y tur\u00edstico. =Donaldo Z\u00fa\u00f1iga, agradeci\u00f3 la invitaci\u00f3n de formar parte de esta importante ruta, puesto que es Comala un lugar emblem\u00e1tico, mismo que ayud\u00f3 a Rulfo a inspirarse en sus obras literarias<\/em>.<\/p>\n<p>La ruta El Realismo M\u00e1gico de Juan, inspirada en el escritor Juan Rulfo, agrega a su recorrido tres municipios m\u00e1s, uno de ellos fuera de Jalisco, que es Comala, Colima.<\/p>\n<p>Esta primera ruta cultural del pa\u00eds recorre los municipios de Sayula, San Gabriel y Tuxcacuesco, y se agregan Tonaya y Tolim\u00e1n, todos en Jalisco, as\u00ed como el pueblo m\u00e1gico de Comala, en Colima.<\/p>\n<p>Para fortalecer este recorrido, el Consejo Regulador del Tequila (CRT), La Ruta del Tequila y la Ruta el Realismo M\u00e1gico de Juan, firmaron un convenio para sentar las bases de cooperaci\u00f3n para promover un esquema de intercambio cultural y tur\u00edstico.<\/p>\n<p>En el acto de la firma fueron testigos el diputado federal y presidente de la Comisi\u00f3n de Cultura y Cinematograf\u00eda del Congreso de la Uni\u00f3n, Sergio Mayer, y la secretaria de Cultura de Jalisco, Giovana Jaspersen Garc\u00eda. As\u00ed como los alcaldes de cada municipio que participan en esta ruta cultural.<\/p>\n<p>El acuerdo tendr\u00e1 una vigencia de dos a\u00f1os durante los cuales se emprender\u00e1n actividades de cooperaci\u00f3n entre los organismos como intercambio de misiones acad\u00e9micas, de informaci\u00f3n y estudios conjuntos, entre otros.<\/p>\n<p>COMALA EMBLEMATICO PARA RULFO<\/p>\n<p>El Alcalde del Municipio de Comala, Donaldo Z\u00fa\u00f1iga, agradeci\u00f3 la invitaci\u00f3n de formar parte de esta importante ruta, puesto que es Comala un lugar emblem\u00e1tico, mismo que ayud\u00f3 a Rulfo a inspirarse en sus obras literarias. Adem\u00e1s, hizo la cordial invitaci\u00f3n a todos los presentes de visitar este punto en el Estado de Colima, el cual cuenta con tradiciones \u00fanicas, arte y cultura que hacen de este municipio un lugar m\u00e1gico.<\/p>\n<p>En su mensaje, Sergio Mayer destac\u00f3 que es un orgullo para todos los mexicanos contar con rutas tur\u00edsticas y culturales porque es importante resaltar no solo en el pa\u00eds sino a nivel internacional los s\u00edmbolos de la mexicanidad.<\/p>\n<p>A\u00f1adi\u00f3 que se debe difundir el folclor mexicano, la gastronom\u00eda, la arquitectura, as\u00ed como la producci\u00f3n art\u00edstica y cultural, adem\u00e1s de los extraordinarios escenarios naturales.<\/p>\n<p>\u201cNos abren un abanico maravilloso de posibilidades ilimitadas para hacer frente a la marginaci\u00f3n y a la pobreza, es decir para impulsar la productividad y generar mayor movilidad de la econom\u00eda para bien de las regiones involucradas y el pa\u00eds en conjunto\u201d.<\/p>\n<p>Resalt\u00f3 que el esquema de rutas tem\u00e1ticas es sin duda de enorme beneficio porque destacan lo que es aut\u00e9ntico, implica adem\u00e1s apropiarnos de lo que es nuestro, integrarlo y difundirlo con mucho orgullo, y nos reta a aprovechar al m\u00e1ximo el legado hist\u00f3rico.<\/p>\n<p>\u201cSi sumamos adem\u00e1s los s\u00edmbolos que nos han dado identidad y los valores particulares que distinguen a cada una de nuestras regiones obtendremos sin error a equivocarnos las condiciones indispensables para lograr un grado importante de bonanza econ\u00f3mica\u201d.<\/p>\n<p>Por su parte, Jaspersen Garc\u00eda subray\u00f3 que era hora de sistematizar todo lo que el Consejo Regulador del Tequila ha dejado para Jalisco y M\u00e9xico.<\/p>\n<p>El proyecto de la ruta El Realismo M\u00e1gico de Juan comenz\u00f3 a materializarse en 2016 con motivo del centenario del natalicio del escritor jalisciense y recibi\u00f3 una inversi\u00f3n de 20 millones de pesos de los tres niveles de gobierno para su desarrollo.<\/p>\n","protected":false},"excerpt":{"rendered":"<p>*Para fortalecer este recorrido, el Consejo Regulador del Tequila (CRT), La Ruta del Tequila y la Ruta el Realismo M\u00e1gico de Juan, firmaron un convenio para sentar las bases de cooperaci\u00f3n para promover un esquema de intercambio cultural y tur\u00edstico. =Donaldo Z\u00fa\u00f1iga, agradeci\u00f3 la invitaci\u00f3n de formar parte de esta importante ruta, puesto que es&#8230;<\/p>\n","protected":false},"author":2,"featured_media":2480,"comment_status":"open","ping_status":"open","sticky":false,"template":"","format":"standard","meta":{"footnotes":""},"categories":[37,14,8],"tags":[29,30,28],"class_list":["post-2479","post","type-post","status-publish","format-standard","has-post-thumbnail","hentry","category-comala","category-educacion-y-cultura","category-municipios","tag-grid","tag-news","tag-slider"],"_links":{"self":[{"href":"https:\/\/elobservatorio.com.mx\/index.php?rest_route=\/wp\/v2\/posts\/2479"}],"collection":[{"href":"https:\/\/elobservatorio.com.mx\/index.php?rest_route=\/wp\/v2\/posts"}],"about":[{"href":"https:\/\/elobservatorio.com.mx\/index.php?rest_route=\/wp\/v2\/types\/post"}],"author":[{"embeddable":true,"href":"https:\/\/elobservatorio.com.mx\/index.php?rest_route=\/wp\/v2\/users\/2"}],"replies":[{"embeddable":true,"href":"https:\/\/elobservatorio.com.mx\/index.php?rest_route=%2Fwp%2Fv2%2Fcomments&post=2479"}],"version-history":[{"count":0,"href":"https:\/\/elobservatorio.com.mx\/index.php?rest_route=\/wp\/v2\/posts\/2479\/revisions"}],"wp:featuredmedia":[{"embeddable":true,"href":"https:\/\/elobservatorio.com.mx\/index.php?rest_route=\/wp\/v2\/media\/2480"}],"wp:attachment":[{"href":"https:\/\/elobservatorio.com.mx\/index.php?rest_route=%2Fwp%2Fv2%2Fmedia&parent=2479"}],"wp:term":[{"taxonomy":"category","embeddable":true,"href":"https:\/\/elobservatorio.com.mx\/index.php?rest_route=%2Fwp%2Fv2%2Fcategories&post=2479"},{"taxonomy":"post_tag","embeddable":true,"href":"https:\/\/elobservatorio.com.mx\/index.php?rest_route=%2Fwp%2Fv2%2Ftags&post=2479"}],"curies":[{"name":"wp","href":"https:\/\/api.w.org\/{rel}","templated":true}]}}