{"id":25982,"date":"2023-02-21T15:33:57","date_gmt":"2023-02-21T21:33:57","guid":{"rendered":"http:\/\/elobservatorio.com.mx\/?p=25982"},"modified":"2023-02-21T15:33:57","modified_gmt":"2023-02-21T21:33:57","slug":"genaro-garcia-luna-es-declarado-culpable-en-eua","status":"publish","type":"post","link":"https:\/\/elobservatorio.com.mx\/?p=25982","title":{"rendered":"Genaro Garc\u00eda Luna es declarado culpable en EUA"},"content":{"rendered":"<p><em>*La defensa del acusado aleg\u00f3 que el caso estaba basado en dichos y pidi\u00f3 a los miembros del jurado no creerle a \u201ccriminales que han mentido toda su vida\u201d<\/em><\/p>\n<p>Despu\u00e9s de<strong>\u00a020 d\u00edas de proceso<\/strong>, los\u00a0<strong>12 jurados\u00a0<\/strong>que participaron en el juicio de\u00a0<strong>Genaro Garc\u00eda Luna<\/strong>, que se llev\u00f3 a cabo en\u00a0<strong>Estados Unidos<\/strong>, determinaron declarar a quien fungi\u00f3 como exsecretario de\u00a0<strong>Seguridad P\u00fablica<\/strong>\u00a0durante el gobierno de\u00a0<strong>Felipe Calder\u00f3n Hinojosa<\/strong>, culpable del\u00a0<strong>delito de narcotr\u00e1fico<\/strong>, espec\u00edficamente de tener\u00a0<strong>nexos con el C\u00e1rtel de Sinaloa<\/strong>,\u00a0<strong>delincuencia organizada y falsedad de declaraciones<\/strong>, entre otros delitos.<\/p>\n<p>Luego de que se presentaran\u00a0<strong>27 testimonios<\/strong>, la mayor\u00eda de ellos de la\u00a0<strong>Fiscal\u00eda General de Justicia<\/strong>, que incluyeron a<strong>\u00a0testigos vinculados con el crimen organizado<\/strong>\u00a0como\u00a0<strong>Jes\u00fas \u201cEl Rey Zambada\u201d y\u00a0Sergio Villarreal Barrag\u00e1n \u201cEl Grande\u201d<\/strong>, el juicio de\u00a0<strong>Garc\u00eda Luna<\/strong>\u00a0lleg\u00f3 a su fin y con ello se concret\u00f3 su sentencia.<\/p>\n<p>En la \u00faltima etapa del juicio, la justicia estadounidense concluy\u00f3 que el exsecretario mexicano\u00a0<strong>s\u00ed brind\u00f3 protecci\u00f3n y colabor\u00f3 con el C\u00e1rtel de Sinaloa<\/strong>, contribuyendo a que expandieran sus operaciones y darles ventaja frente a sus rivales en el mercado de la droga.<\/p>\n<p>Es por ello, que el jurado analiz\u00f3 las declaraciones de los testigos y decidi\u00f3 declararlo culpable de todos los cargos.<\/p>\n<p>Desde la cuenta oficial de la\u00a0<strong>Oficina del Fiscal Federal en el Distrito Este de Nueva York<\/strong>, se corrobor\u00f3 el fallo: \u201cEl veredicto es: Genaro Garc\u00eda Luna es culpable de todos los cargos\u201d.<\/p>\n<p><strong>Genaro Garc\u00eda Luna<\/strong>, de 54 a\u00f1os, est\u00e1 acusado de participar en la direcci\u00f3n de una empresa criminal cuya actividad contin\u00faa hasta la actualidad,\u00a0<strong>conspiraci\u00f3n para la distribuci\u00f3n de 5 kilogramos o m\u00e1s de coca\u00edna<\/strong>, conspiraci\u00f3n para la distribuci\u00f3n y posesi\u00f3n de\u00a0<strong>5 kilogramos o m\u00e1s de coca\u00edna con la intenci\u00f3n de distribuirla en Estados Unidos<\/strong>, y conspiraci\u00f3n para la importaci\u00f3n de la misma cantidad o m\u00e1s.<\/p>\n<p>Por su parte, la defensa del acusado aleg\u00f3 que el caso estaba basado en dichos -no en pruebas concluyentes- y pidi\u00f3 a los miembros del jurado no creerle a \u201ccriminales que han mentido toda su vida\u201d en sus afirmaciones contra el exfuncionario de seguridad.<\/p>\n<p>Cabe se\u00f1alar que el juicio de\u00a0<strong>Genaro Garc\u00eda Luna<\/strong>\u00a0estuvo envuelto en la\u00a0<strong>pol\u00e9mica de principio a fin<\/strong>, entre otras cosas, por los\u00a0<strong>se\u00f1alamientos en contra de los expresidentes Felipe Calder\u00f3n Hinojosa, Vicente Fox Quesada<\/strong>, y acusaciones de la defensa del imputado en contra de\u00a0<strong>Andr\u00e9s Manuel L\u00f3pez Obrador<\/strong>, motivo por el cual este advirti\u00f3 que demandar\u00eda al abogado del exsecretario.<\/p>\n<p class=\"has-text-align-right\">Con informaci\u00f3n de Radio F\u00f3rmula y Sin embargo| MLP<\/p>\n","protected":false},"excerpt":{"rendered":"<p>*La defensa del acusado aleg\u00f3 que el caso estaba basado en dichos y pidi\u00f3 a los miembros del jurado no creerle a \u201ccriminales que han mentido toda su vida\u201d Despu\u00e9s de\u00a020 d\u00edas de proceso, los\u00a012 jurados\u00a0que participaron en el juicio de\u00a0Genaro Garc\u00eda Luna, que se llev\u00f3 a cabo en\u00a0Estados Unidos, determinaron declarar a quien fungi\u00f3&#8230;<\/p>\n","protected":false},"author":2,"featured_media":25983,"comment_status":"open","ping_status":"open","sticky":false,"template":"","format":"standard","meta":{"footnotes":""},"categories":[13],"tags":[29,30,28],"class_list":["post-25982","post","type-post","status-publish","format-standard","has-post-thumbnail","hentry","category-nacion-y-mundo","tag-grid","tag-news","tag-slider"],"_links":{"self":[{"href":"https:\/\/elobservatorio.com.mx\/index.php?rest_route=\/wp\/v2\/posts\/25982"}],"collection":[{"href":"https:\/\/elobservatorio.com.mx\/index.php?rest_route=\/wp\/v2\/posts"}],"about":[{"href":"https:\/\/elobservatorio.com.mx\/index.php?rest_route=\/wp\/v2\/types\/post"}],"author":[{"embeddable":true,"href":"https:\/\/elobservatorio.com.mx\/index.php?rest_route=\/wp\/v2\/users\/2"}],"replies":[{"embeddable":true,"href":"https:\/\/elobservatorio.com.mx\/index.php?rest_route=%2Fwp%2Fv2%2Fcomments&post=25982"}],"version-history":[{"count":0,"href":"https:\/\/elobservatorio.com.mx\/index.php?rest_route=\/wp\/v2\/posts\/25982\/revisions"}],"wp:featuredmedia":[{"embeddable":true,"href":"https:\/\/elobservatorio.com.mx\/index.php?rest_route=\/wp\/v2\/media\/25983"}],"wp:attachment":[{"href":"https:\/\/elobservatorio.com.mx\/index.php?rest_route=%2Fwp%2Fv2%2Fmedia&parent=25982"}],"wp:term":[{"taxonomy":"category","embeddable":true,"href":"https:\/\/elobservatorio.com.mx\/index.php?rest_route=%2Fwp%2Fv2%2Fcategories&post=25982"},{"taxonomy":"post_tag","embeddable":true,"href":"https:\/\/elobservatorio.com.mx\/index.php?rest_route=%2Fwp%2Fv2%2Ftags&post=25982"}],"curies":[{"name":"wp","href":"https:\/\/api.w.org\/{rel}","templated":true}]}}