{"id":2671,"date":"2019-02-27T18:33:13","date_gmt":"2019-02-27T18:33:13","guid":{"rendered":"http:\/\/elobservatorio.com.mx\/plantea-gaby-benavides-que-jornaleros-agricolas-gocen-de-prestaciones-de-ley"},"modified":"2019-02-27T18:33:13","modified_gmt":"2019-02-27T18:33:13","slug":"plantea-gaby-benavides-que-jornaleros-agricolas-gocen-de-prestaciones-de-ley","status":"publish","type":"post","link":"https:\/\/elobservatorio.com.mx\/?p=2671","title":{"rendered":"Plantea Gaby Benavides que jornaleros agr\u00edcolas gocen de prestaciones de ley"},"content":{"rendered":"<p><em>*Propone reformas a la ley Federal del Trabajo para que tengan derecho a pago de las prestaciones de ley: vacaciones, prima vacacional y aguinaldo, entre otras<\/em><\/p>\n<p>La senadora colimense Gabriela Benavides Cobos propuso reformar la Ley Federal del Trabajo para que los trabajadores estacionales y jornaleros eventuales del campo, que laboren 16 semanas para un patr\u00f3n, sean considerados permanentes y, al final de la estaci\u00f3n o ciclo agr\u00edcola, tengan derecho al pago de las prestaciones de ley como vacaciones, prima vacacional y aguinaldo, entre otras.<\/p>\n<p>La legisladora del Grupo Parlamentario del PVEM present\u00f3 una iniciativa con proyecto de decreto para reformar los art\u00edculos 279 Ter y 280 de la citada ley con ese prop\u00f3sito.<\/p>\n<p>Benavides Cobos refiri\u00f3 que de acuerdo con encuestas del Inegi, en M\u00e9xico, 5.5 millones de personas trabajan en el campo. La mayor\u00eda son mexicanos y, en muchos casos, extranjeros. De ese total, 56 por ciento son agricultores y el resto trabajadores agr\u00edcolas de apoyo.<\/p>\n<p>Agreg\u00f3 que en materia de g\u00e9nero, de cada 100 jornaleros 11 son mujeres y nueve menores de edad. El resto son varones con edad promedio de 41.7 a\u00f1os.<\/p>\n<p>Seg\u00fan los mismos muestreos, continu\u00f3, en el medio rural habitan 24 millones de personas. A nivel nacional, los estados con mayor poblaci\u00f3n rural son: Veracruz, 12.1 por ciento; Colima, 12; Chiapas, 11.9; Puebla, 11.1; Oaxaca, 9.1; Guerrero, 7.4; Michoac\u00e1n, 7.1por ciento.<\/p>\n<p>Por eso, justific\u00f3 Benavides Cobos, es tan importante legislar en favor de dicho grupo vulnerable, debido a la injusticia que a trav\u00e9s de los a\u00f1os se ha cometido en contra de ellos, al recibir menos consideraciones legales y laborales.<\/p>\n<p>Explic\u00f3 que los trabajadores del campo pueden ser permanentes, eventuales o estacionales. Los primeros tienen un contrato de temporalidad indeterminado con sus patrones. Los segundos son contratados para laborar en plantaciones agr\u00edcolas, ganaderas, forestales, acu\u00edcolas o mixtas, \u00fanicamente en \u00e9pocas del a\u00f1o. Los terceros, trabajan por obra o cultivo determinado, es decir, tienen un contrato por tiempo y actividades definidas con exactitud.<\/p>\n<p>Afirm\u00f3 que son notorias las desventajas con las que se enfrentan los jornaleros del campo. Con base en los mismos reportes del Inegi, es en ese sector social donde se encuentra el mayor n\u00famero de personas en pobreza extrema.<\/p>\n<p>Se\u00f1al\u00f3 que su propuesta es que los trabajadores estacionales y eventuales del campo no tengan que esperar 27 semanas, como ahora, sino que en 16 semanas puedan tener la presunci\u00f3n de trabajador permanente y con derecho a todas las prestaciones de ley, como el resto de la clase trabajadora.<\/p>\n<p>La iniciativa fue turnada para estudio y dictamen a las comisiones unidas de Trabajo y Previsi\u00f3n Social, y de Estudios Legislativos.<\/p>\n","protected":false},"excerpt":{"rendered":"<p>*Propone reformas a la ley Federal del Trabajo para que tengan derecho a pago de las prestaciones de ley: vacaciones, prima vacacional y aguinaldo, entre otras La senadora colimense Gabriela Benavides Cobos propuso reformar la Ley Federal del Trabajo para que los trabajadores estacionales y jornaleros eventuales del campo, que laboren 16 semanas para un&#8230;<\/p>\n","protected":false},"author":2,"featured_media":2672,"comment_status":"open","ping_status":"open","sticky":false,"template":"","format":"standard","meta":{"footnotes":""},"categories":[1],"tags":[29,30,28],"class_list":["post-2671","post","type-post","status-publish","format-standard","has-post-thumbnail","hentry","category-espacio-legislativo","tag-grid","tag-news","tag-slider"],"_links":{"self":[{"href":"https:\/\/elobservatorio.com.mx\/index.php?rest_route=\/wp\/v2\/posts\/2671"}],"collection":[{"href":"https:\/\/elobservatorio.com.mx\/index.php?rest_route=\/wp\/v2\/posts"}],"about":[{"href":"https:\/\/elobservatorio.com.mx\/index.php?rest_route=\/wp\/v2\/types\/post"}],"author":[{"embeddable":true,"href":"https:\/\/elobservatorio.com.mx\/index.php?rest_route=\/wp\/v2\/users\/2"}],"replies":[{"embeddable":true,"href":"https:\/\/elobservatorio.com.mx\/index.php?rest_route=%2Fwp%2Fv2%2Fcomments&post=2671"}],"version-history":[{"count":0,"href":"https:\/\/elobservatorio.com.mx\/index.php?rest_route=\/wp\/v2\/posts\/2671\/revisions"}],"wp:featuredmedia":[{"embeddable":true,"href":"https:\/\/elobservatorio.com.mx\/index.php?rest_route=\/wp\/v2\/media\/2672"}],"wp:attachment":[{"href":"https:\/\/elobservatorio.com.mx\/index.php?rest_route=%2Fwp%2Fv2%2Fmedia&parent=2671"}],"wp:term":[{"taxonomy":"category","embeddable":true,"href":"https:\/\/elobservatorio.com.mx\/index.php?rest_route=%2Fwp%2Fv2%2Fcategories&post=2671"},{"taxonomy":"post_tag","embeddable":true,"href":"https:\/\/elobservatorio.com.mx\/index.php?rest_route=%2Fwp%2Fv2%2Ftags&post=2671"}],"curies":[{"name":"wp","href":"https:\/\/api.w.org\/{rel}","templated":true}]}}